{"id":23290,"date":"2026-03-10T13:46:26","date_gmt":"2026-03-10T19:46:26","guid":{"rendered":"https:\/\/informadorweb.com\/?p=23290"},"modified":"2026-03-10T19:46:27","modified_gmt":"2026-03-10T19:46:27","slug":"mujeres-marchan-en-argentina-por-el-dia-internacional-de-la-mujer","status":"publish","type":"post","link":"https:\/\/informadorweb.com\/?p=23290","title":{"rendered":"Mujeres marchan en Argentina por el D\u00eda Internacional de la Mujer"},"content":{"rendered":"<p>BUENOS AIRES, 9 mar (Xinhua) &#8212; Organizaciones feministas, sociales, pol\u00edticas y sindicales realizaron hoy lunes una serie de marchas a lo largo de toda Argentina para conmemorar el D\u00eda Internacional de la Mujer. Las movilizaciones tuvieron lugar en ciudades como Buenos Aires (capital federal), San Miguel de Tucum\u00e1n (norte), Paran\u00e1 (este), La Plata (centro), Bah\u00eda Blanca (sur) y Mendoza (oeste), entre otras. En la ciudad de Buenos Aires, la marcha se realiz\u00f3 desde las inmediaciones del Congreso Nacional hacia la emblem\u00e1tica Plaza de Mayo, frente a la Casa de Gobierno. La convocatoria de esta jornada fue impulsada por distintas agrupaciones, entre ellas el colectivo \u00abNi una menos\u00bb, y cont\u00f3 con la presencia y el respaldo de centrales obreras, adem\u00e1s de entidades sociales y pol\u00edticas, como la agrupaci\u00f3n feminista de izquierda Pan y Rosas, entre otras. La decisi\u00f3n de trasladar la marcha principal del domingo a este lunes se adopt\u00f3 para visibilizar las problem\u00e1ticas que afectan a las mujeres con un paro de actividades que demuestra el rol de las mujeres a nivel social y econ\u00f3mico. Luci Cavallero, docente y militante del colectivo \u00abNi una menos\u00bb, explic\u00f3 a la prensa local que \u00abse defini\u00f3 pasar la fecha del 8 al 9 de marzo para hacer una marcha con paro. Se evalu\u00f3 que hacerlo en un d\u00eda laborable como el lunes marca una salida a la calle y pone de alguna manera una confrontaci\u00f3n m\u00e1s abierta con las pol\u00edticas del Gobierno\u00bb. Durante la movilizaci\u00f3n se entonaron c\u00e1nticos y se levantaron banderas en contra de la violencia de g\u00e9nero, la brecha salarial entre hombres y mujeres, la precarizaci\u00f3n laboral y en defensa de distintos derechos alcanzados, ante eventuales retrocesos gubernamentales. La marcha cont\u00f3 con carteles que presentaron distintas consignas, entre ellas \u00abNi un paso atr\u00e1s\u00bb, \u00abNunca m\u00e1s infancias bajo misiles\u00bb, \u00abFeministas anti-imperialistas\u00bb, y \u00abMarchamos por las que ya no est\u00e1n\u00bb, entre otras. Fin<\/p>\n","protected":false},"excerpt":{"rendered":"<p>BUENOS AIRES, 9 mar (Xinhua) &#8212; Organizaciones feministas, sociales, pol\u00edticas y sindicales realizaron hoy lunes&#8230;<\/p>\n","protected":false},"author":1,"featured_media":0,"comment_status":"closed","ping_status":"closed","sticky":false,"template":"","format":"standard","meta":{"footnotes":""},"categories":[2],"tags":[],"class_list":["post-23290","post","type-post","status-publish","format-standard","hentry","category-internacional"],"_links":{"self":[{"href":"https:\/\/informadorweb.com\/index.php?rest_route=\/wp\/v2\/posts\/23290","targetHints":{"allow":["GET"]}}],"collection":[{"href":"https:\/\/informadorweb.com\/index.php?rest_route=\/wp\/v2\/posts"}],"about":[{"href":"https:\/\/informadorweb.com\/index.php?rest_route=\/wp\/v2\/types\/post"}],"author":[{"embeddable":true,"href":"https:\/\/informadorweb.com\/index.php?rest_route=\/wp\/v2\/users\/1"}],"replies":[{"embeddable":true,"href":"https:\/\/informadorweb.com\/index.php?rest_route=%2Fwp%2Fv2%2Fcomments&post=23290"}],"version-history":[{"count":1,"href":"https:\/\/informadorweb.com\/index.php?rest_route=\/wp\/v2\/posts\/23290\/revisions"}],"predecessor-version":[{"id":23291,"href":"https:\/\/informadorweb.com\/index.php?rest_route=\/wp\/v2\/posts\/23290\/revisions\/23291"}],"wp:attachment":[{"href":"https:\/\/informadorweb.com\/index.php?rest_route=%2Fwp%2Fv2%2Fmedia&parent=23290"}],"wp:term":[{"taxonomy":"category","embeddable":true,"href":"https:\/\/informadorweb.com\/index.php?rest_route=%2Fwp%2Fv2%2Fcategories&post=23290"},{"taxonomy":"post_tag","embeddable":true,"href":"https:\/\/informadorweb.com\/index.php?rest_route=%2Fwp%2Fv2%2Ftags&post=23290"}],"curies":[{"name":"wp","href":"https:\/\/api.w.org\/{rel}","templated":true}]}}