{"id":23282,"date":"2026-03-10T13:44:14","date_gmt":"2026-03-10T19:44:14","guid":{"rendered":"https:\/\/informadorweb.com\/?p=23282"},"modified":"2026-03-10T19:44:16","modified_gmt":"2026-03-10T19:44:16","slug":"fragata-neerlandesa-de-defensa-antiaerea-se-une-a-grupo-de-portaaviones-frances-en-mediterraneo-oriental","status":"publish","type":"post","link":"https:\/\/informadorweb.com\/?p=23282","title":{"rendered":"Fragata neerlandesa de defensa antia\u00e9rea se une a grupo de portaaviones franc\u00e9s en Mediterr\u00e1neo oriental"},"content":{"rendered":"<p>LA HAYA, 9 mar (Xinhua) &#8212; El Gobierno de Pa\u00edses Bajos confirm\u00f3 hoy que Pa\u00edses Bajos decidi\u00f3 desplegar una fragata de defensa antia\u00e9rea y mando y su tripulaci\u00f3n en el Mediterr\u00e1neo oriental en una misi\u00f3n defensiva que terminar\u00e1 a inicios de abril. En una carta dirigida a la C\u00e1mara de Representantes de Pa\u00edses Bajos, el ministro neerland\u00e9s de Relaciones Exteriores, Tom Berendsen, y el ministro de Defensa, Dilan Yesilgoz-Zegerius, dijeron que el despliegue busca contribuir a la estabilidad y la seguridad regionales, especialmente la seguridad de los Estados miembros de la Uni\u00f3n Europea (UE), los aliados de la Organizaci\u00f3n del Tratado del Atl\u00e1ntico Norte (OTAN), los socios regionales y los nacionales neerlandeses en la regi\u00f3n. \u00abJunto con nuestros aliados, reforzaremos de esta manera la seguridad europea\u00bb, public\u00f3 hoy el ministro de Defensa en la red social X. La fragata neerlandesa de defensa antia\u00e9rea y mando HNLMS Evertsen ha estado operando junto al portaaviones franc\u00e9s Charles de Gaulle desde el 4 de febrero como parte de un grupo de ataque de portaaviones. La semana pasada, Francia pidi\u00f3 de manera formal a Pa\u00edses Bajos extender su apoyo al grupo y los detalles de la misi\u00f3n fueron acordados en d\u00edas recientes. De conformidad con la carta, adem\u00e1s de proteger el territorio aliado, la fragata ayudar\u00e1 a salvaguardar otros buques navales en la regi\u00f3n, especialmente al Charles de Gaulle y los buques acompa\u00f1antes. El Gobierno neerland\u00e9s tambi\u00e9n enfatiz\u00f3 que el despliegue est\u00e1 limitado geogr\u00e1ficamente al Mediterr\u00e1neo oriental. A nivel t\u00e1ctico, el mando operativo recaer\u00e1 en el Charles de Gaulle como buque insignia, mientras que las autoridades neerlandesas retendr\u00e1n completo mando nacional sobre el Evertsen. La radiodifusora neerlandesa NOS inform\u00f3 que el Evertsen puede detectar amenazas a\u00e9reas como drones en etapas muy tempranas, lo que permite emitir r\u00e1pidamente alertas sobre d\u00f3nde podr\u00edan impactar los proyectiles. La fragata tambi\u00e9n puede interceptar drones. Alrededor de 170 personas laboran a bordo del buque. La Real Armada de Pa\u00edses Bajos opera cuatro fragatas de defensa antia\u00e9rea y mando de este tipo. Fin<\/p>\n","protected":false},"excerpt":{"rendered":"<p>LA HAYA, 9 mar (Xinhua) &#8212; El Gobierno de Pa\u00edses Bajos confirm\u00f3 hoy que Pa\u00edses&#8230;<\/p>\n","protected":false},"author":1,"featured_media":0,"comment_status":"closed","ping_status":"closed","sticky":false,"template":"","format":"standard","meta":{"footnotes":""},"categories":[2],"tags":[],"class_list":["post-23282","post","type-post","status-publish","format-standard","hentry","category-internacional"],"_links":{"self":[{"href":"https:\/\/informadorweb.com\/index.php?rest_route=\/wp\/v2\/posts\/23282","targetHints":{"allow":["GET"]}}],"collection":[{"href":"https:\/\/informadorweb.com\/index.php?rest_route=\/wp\/v2\/posts"}],"about":[{"href":"https:\/\/informadorweb.com\/index.php?rest_route=\/wp\/v2\/types\/post"}],"author":[{"embeddable":true,"href":"https:\/\/informadorweb.com\/index.php?rest_route=\/wp\/v2\/users\/1"}],"replies":[{"embeddable":true,"href":"https:\/\/informadorweb.com\/index.php?rest_route=%2Fwp%2Fv2%2Fcomments&post=23282"}],"version-history":[{"count":1,"href":"https:\/\/informadorweb.com\/index.php?rest_route=\/wp\/v2\/posts\/23282\/revisions"}],"predecessor-version":[{"id":23283,"href":"https:\/\/informadorweb.com\/index.php?rest_route=\/wp\/v2\/posts\/23282\/revisions\/23283"}],"wp:attachment":[{"href":"https:\/\/informadorweb.com\/index.php?rest_route=%2Fwp%2Fv2%2Fmedia&parent=23282"}],"wp:term":[{"taxonomy":"category","embeddable":true,"href":"https:\/\/informadorweb.com\/index.php?rest_route=%2Fwp%2Fv2%2Fcategories&post=23282"},{"taxonomy":"post_tag","embeddable":true,"href":"https:\/\/informadorweb.com\/index.php?rest_route=%2Fwp%2Fv2%2Ftags&post=23282"}],"curies":[{"name":"wp","href":"https:\/\/api.w.org\/{rel}","templated":true}]}}