{"id":23270,"date":"2026-03-10T13:41:06","date_gmt":"2026-03-10T19:41:06","guid":{"rendered":"https:\/\/informadorweb.com\/?p=23270"},"modified":"2026-03-10T19:41:08","modified_gmt":"2026-03-10T19:41:08","slug":"presidenta-sheinbaum-reitera-rechazo-a-intervencion-militar-de-eeuu-en-mexico","status":"publish","type":"post","link":"https:\/\/informadorweb.com\/?p=23270","title":{"rendered":"Presidenta Sheinbaum reitera rechazo a intervenci\u00f3n militar de EEUU en M\u00e9xico"},"content":{"rendered":"<p>M\u00c9XICO, 9 mar (Xinhua) &#8212; La presidenta de M\u00e9xico, Claudia Sheinbaum, reiter\u00f3 este lunes su rechazo a cualquier posibilidad de intervenci\u00f3n por parte del ej\u00e9rcito de Estados Unidos en territorio nacional. Durante su conferencia de prensa diaria, desde la Ciudad de M\u00e9xico, la mandataria sostuvo que la seguridad de su pa\u00eds es responsabilidad exclusiva de las autoridades nacionales, en respuesta a las recientes declaraciones del presidente Donald Trump sobre que M\u00e9xico es el \u00abepicentro\u00bb de la violencia de los c\u00e1rteles. \u00abQu\u00e9 bueno que el presidente Trump dice p\u00fablicamente que cuando nos ha propuesto que entre el ej\u00e9rcito de Estados Unidos a M\u00e9xico hemos dicho que no, porque es la verdad. Hemos dicho que no y orgullosamente seguimos diciendo que no\u00bb, enfatiz\u00f3, al recordar que ha rechazado en repetidas ocasiones las propuestas de Estados Unidos de participar en operativos contra el crimen organizado. Seg\u00fan Sheinbaum, las fuerzas armadas y autoridades mexicanas han \u00abavanzado\u00bb en materia de seguridad y combate al tr\u00e1fico de droga mediante la colaboraci\u00f3n bilateral, por lo que llam\u00f3 a Estados Unidos a frenar el tr\u00e1fico ilegal de armas para que estos grupos no tengan \u00abeste tipo de armamento de alto poder\u00bb. \u00abLos grupos delincuenciales, la delincuencia organizada, el armamento que tiene, por lo menos el 75 por ciento, reconocido por el propio Departamento de Justicia de los Estados Unidos, viene de los Estados Unidos\u00bb, afirm\u00f3. Asimismo, la presidenta hizo hincapi\u00e9 en la importancia de que el pa\u00eds vecino aborde el consumo de drogas como parte de la estrategia de combate al narcotr\u00e1fico. El pasado s\u00e1bado, durante la inauguraci\u00f3n de la cumbre \u00abEscudo de las Am\u00e9ricas\u00bb en Miami, Florida, el mandatario estadounidense dijo que M\u00e9xico es \u00abel epicentro de la violencia de los c\u00e1rteles\u00bb y anunci\u00f3 una colaci\u00f3n militar en Am\u00e9rica Latina para luchas contra estos grupos. Fin<\/p>\n","protected":false},"excerpt":{"rendered":"<p>M\u00c9XICO, 9 mar (Xinhua) &#8212; La presidenta de M\u00e9xico, Claudia Sheinbaum, reiter\u00f3 este lunes su&#8230;<\/p>\n","protected":false},"author":1,"featured_media":0,"comment_status":"closed","ping_status":"closed","sticky":false,"template":"","format":"standard","meta":{"footnotes":""},"categories":[7],"tags":[],"class_list":["post-23270","post","type-post","status-publish","format-standard","hentry","category-nacional"],"_links":{"self":[{"href":"https:\/\/informadorweb.com\/index.php?rest_route=\/wp\/v2\/posts\/23270","targetHints":{"allow":["GET"]}}],"collection":[{"href":"https:\/\/informadorweb.com\/index.php?rest_route=\/wp\/v2\/posts"}],"about":[{"href":"https:\/\/informadorweb.com\/index.php?rest_route=\/wp\/v2\/types\/post"}],"author":[{"embeddable":true,"href":"https:\/\/informadorweb.com\/index.php?rest_route=\/wp\/v2\/users\/1"}],"replies":[{"embeddable":true,"href":"https:\/\/informadorweb.com\/index.php?rest_route=%2Fwp%2Fv2%2Fcomments&post=23270"}],"version-history":[{"count":1,"href":"https:\/\/informadorweb.com\/index.php?rest_route=\/wp\/v2\/posts\/23270\/revisions"}],"predecessor-version":[{"id":23271,"href":"https:\/\/informadorweb.com\/index.php?rest_route=\/wp\/v2\/posts\/23270\/revisions\/23271"}],"wp:attachment":[{"href":"https:\/\/informadorweb.com\/index.php?rest_route=%2Fwp%2Fv2%2Fmedia&parent=23270"}],"wp:term":[{"taxonomy":"category","embeddable":true,"href":"https:\/\/informadorweb.com\/index.php?rest_route=%2Fwp%2Fv2%2Fcategories&post=23270"},{"taxonomy":"post_tag","embeddable":true,"href":"https:\/\/informadorweb.com\/index.php?rest_route=%2Fwp%2Fv2%2Ftags&post=23270"}],"curies":[{"name":"wp","href":"https:\/\/api.w.org\/{rel}","templated":true}]}}