{"id":23260,"date":"2026-03-10T13:39:01","date_gmt":"2026-03-10T19:39:01","guid":{"rendered":"https:\/\/informadorweb.com\/?p=23260"},"modified":"2026-03-10T19:39:02","modified_gmt":"2026-03-10T19:39:02","slug":"presidentes-de-brasil-y-sudafrica-condenan-agravamiento-de-conflicto-en-medio-oriente-e-instan-al-dialogo","status":"publish","type":"post","link":"https:\/\/informadorweb.com\/?p=23260","title":{"rendered":"Presidentes de Brasil y Sud\u00e1frica condenan agravamiento de conflicto en Medio Oriente e instan al di\u00e1logo"},"content":{"rendered":"<p>BRASILIA, 9 mar (Xinhua) &#8212; Los presidentes de Brasil, Luiz In\u00e1cio Lula da Silva, y de Sud\u00e1frica, Cyril Ramaphosa, condenaron hoy lunes, al t\u00e9rmino de una reuni\u00f3n bilateral, el agravamiento del conflicto en Medio Oriente y defendieron el fortalecimiento del di\u00e1logo y la diplomacia como \u00ab\u00fanico camino viable para la construcci\u00f3n de una soluci\u00f3n duradera\u00bb. Lula da Silva recibi\u00f3 este lunes a Ramaphosa en el Palacio de Planalto, en Brasilia, en el marco de una visita de Estado que busca fortalecer la cooperaci\u00f3n pol\u00edtica y econ\u00f3mica entre ambos pa\u00edses. \u00abExpuse al presidente Ramaphosa mi profunda preocupaci\u00f3n por la escalada del conflicto en el Medio Oriente, que representa una grave amenaza a la paz y la seguridad internacional, con impactos humanitarios y econ\u00f3micos de gran alcance\u00bb, afirm\u00f3 el mandatario brasile\u00f1o a periodistas. \u00abEstos conflictos producen efectos delet\u00e9reos sobre las cadenas de energ\u00eda, suministros y alimentos. Son los m\u00e1s vulnerables -sobre todo mujeres y ni\u00f1os- quienes sufren el impacto m\u00e1s severo de estas crisis\u00bb, se\u00f1al\u00f3 Lula da Silva tambi\u00e9n mencion\u00f3 los efectos del conflicto con Ir\u00e1n en la econom\u00eda mundial, destacando el aumento del precio del petr\u00f3leo y del combustible en diversos pa\u00edses. En ese contexto, defendi\u00f3 que Am\u00e9rica del Sur contin\u00fae consolid\u00e1ndose como una regi\u00f3n de paz. \u00abAqu\u00ed nadie tiene una bomba nuclear, bomba at\u00f3mica. Nuestros drones son para la agricultura, para fines tecnol\u00f3gicos y no para la guerra\u00bb, enfatiz\u00f3. \u00abNo tenemos por qu\u00e9 seguir compr\u00e1ndoles a los se\u00f1ores de las armas; nosotros podemos producir. Lo que hace falta es que nos convenzamos de que nadie nos va a ayudar, excepto nosotros mismos\u00bb; agreg\u00f3. Por su parte, Ramaphosa se\u00f1al\u00f3 que su visita a Brasil ocurre en un momento marcado por el recrudecimiento de conflictos internacionales. El mandatario sudafricano reiter\u00f3 la necesidad de respetar el derecho internacional y la Carta de las Naciones Unidas. \u00abReiteramos nuestro llamado a una resoluci\u00f3n pac\u00edfica de las disputas que ahora ocurren y condenamos la p\u00e9rdida de vidas, especialmente de civiles, as\u00ed como la destrucci\u00f3n de infraestructura vital\u00bb, declar\u00f3. El presidente sudafricano tambi\u00e9n pidi\u00f3 un alto el fuego inmediato en las zonas de conflicto y defendi\u00f3 que las controversias sean resueltas mediante negociaciones. \u00abHacemos un llamado a todas las partes involucradas en este conflicto a un cese del fuego inmediato para que las disputas se resuelvan por medio del di\u00e1logo\u00bb, afirm\u00f3. Ambos l\u00edderes coincidieron en que Brasil y Sud\u00e1frica comparten la convicci\u00f3n de que los pa\u00edses del Sur Global deben tener una voz m\u00e1s activa en las decisiones internacionales, especialmente en temas relacionados con la paz, el desarrollo y la gobernanza global. Fin<\/p>\n","protected":false},"excerpt":{"rendered":"<p>BRASILIA, 9 mar (Xinhua) &#8212; Los presidentes de Brasil, Luiz In\u00e1cio Lula da Silva, y&#8230;<\/p>\n","protected":false},"author":1,"featured_media":0,"comment_status":"closed","ping_status":"closed","sticky":false,"template":"","format":"standard","meta":{"footnotes":""},"categories":[2],"tags":[],"class_list":["post-23260","post","type-post","status-publish","format-standard","hentry","category-internacional"],"_links":{"self":[{"href":"https:\/\/informadorweb.com\/index.php?rest_route=\/wp\/v2\/posts\/23260","targetHints":{"allow":["GET"]}}],"collection":[{"href":"https:\/\/informadorweb.com\/index.php?rest_route=\/wp\/v2\/posts"}],"about":[{"href":"https:\/\/informadorweb.com\/index.php?rest_route=\/wp\/v2\/types\/post"}],"author":[{"embeddable":true,"href":"https:\/\/informadorweb.com\/index.php?rest_route=\/wp\/v2\/users\/1"}],"replies":[{"embeddable":true,"href":"https:\/\/informadorweb.com\/index.php?rest_route=%2Fwp%2Fv2%2Fcomments&post=23260"}],"version-history":[{"count":1,"href":"https:\/\/informadorweb.com\/index.php?rest_route=\/wp\/v2\/posts\/23260\/revisions"}],"predecessor-version":[{"id":23261,"href":"https:\/\/informadorweb.com\/index.php?rest_route=\/wp\/v2\/posts\/23260\/revisions\/23261"}],"wp:attachment":[{"href":"https:\/\/informadorweb.com\/index.php?rest_route=%2Fwp%2Fv2%2Fmedia&parent=23260"}],"wp:term":[{"taxonomy":"category","embeddable":true,"href":"https:\/\/informadorweb.com\/index.php?rest_route=%2Fwp%2Fv2%2Fcategories&post=23260"},{"taxonomy":"post_tag","embeddable":true,"href":"https:\/\/informadorweb.com\/index.php?rest_route=%2Fwp%2Fv2%2Ftags&post=23260"}],"curies":[{"name":"wp","href":"https:\/\/api.w.org\/{rel}","templated":true}]}}