{"id":23254,"date":"2026-03-10T13:37:21","date_gmt":"2026-03-10T19:37:21","guid":{"rendered":"https:\/\/informadorweb.com\/?p=23254"},"modified":"2026-03-10T19:37:22","modified_gmt":"2026-03-10T19:37:22","slug":"lula-advierte-continua-alza-mundial-de-precios-del-petroleo","status":"publish","type":"post","link":"https:\/\/informadorweb.com\/?p=23254","title":{"rendered":"Lula advierte continua alza mundial de precios del petr\u00f3leo"},"content":{"rendered":"<p>R\u00cdO DE JANEIRO, 9 mar (Xinhua) &#8212; El presidente de Brasil, Luiz In\u00e1cio Lula da Silva, afirm\u00f3 hoy que los precios de los combustibles est\u00e1n aumentando en varios pa\u00edses y advirti\u00f3 que la tendencia podr\u00eda continuar debido a las tensiones en Oriente Medio. Durante una declaraci\u00f3n en Brasilia junto al presidente de Sud\u00e1frica, Cyril Ramaphosa, Lula da Silva se\u00f1al\u00f3 que el incremento de las cotizaciones internacionales del crudo est\u00e1 generando presi\u00f3n sobre los combustibles en diferentes partes del mundo. \u00abEl precio del combustible ya est\u00e1 subiendo en casi todo el mundo. El precio del petr\u00f3leo est\u00e1 subiendo mucho y debe subir en todos los pa\u00edses\u00bb, afirm\u00f3 el mandatario brasile\u00f1o. El presidente expres\u00f3 adem\u00e1s preocupaci\u00f3n por la escalada de tensiones en Oriente Medio y sus efectos sobre los mercados energ\u00e9ticos globales, al se\u00f1alar que conflictos de esa naturaleza tienden a provocar inestabilidad econ\u00f3mica y encarecimiento de insumos estrat\u00e9gicos. Seg\u00fan Lula da Silva, este tipo de crisis internacionales termina impactando de manera directa en los precios de bienes b\u00e1sicos y en el costo de vida, en especial para los sectores m\u00e1s vulnerables de la poblaci\u00f3n. El mandatario brasile\u00f1o tambi\u00e9n defendi\u00f3 la necesidad de fortalecer el di\u00e1logo y la diplomacia como v\u00eda para resolver los conflictos internacionales y evitar consecuencias econ\u00f3micas negativas a escala global. Las declaraciones del gobernante brasile\u00f1o se producen en un contexto de fuerte volatilidad en el mercado petrolero internacional, donde las tensiones geopol\u00edticas han impulsado al alza el precio del crudo, lo que suele trasladarse a los precios de la gasolina y el di\u00e9sel en diversos pa\u00edses. En Brasil, las autoridades econ\u00f3micas y la petrolera estatal Petrobras siguen de cerca la evoluci\u00f3n de las cotizaciones internacionales del petr\u00f3leo para evaluar posibles impactos en los precios internos de los combustibles y en el abastecimiento energ\u00e9tico del pa\u00eds. Fin<\/p>\n","protected":false},"excerpt":{"rendered":"<p>R\u00cdO DE JANEIRO, 9 mar (Xinhua) &#8212; El presidente de Brasil, Luiz In\u00e1cio Lula da&#8230;<\/p>\n","protected":false},"author":1,"featured_media":0,"comment_status":"closed","ping_status":"closed","sticky":false,"template":"","format":"standard","meta":{"footnotes":""},"categories":[2],"tags":[],"class_list":["post-23254","post","type-post","status-publish","format-standard","hentry","category-internacional"],"_links":{"self":[{"href":"https:\/\/informadorweb.com\/index.php?rest_route=\/wp\/v2\/posts\/23254","targetHints":{"allow":["GET"]}}],"collection":[{"href":"https:\/\/informadorweb.com\/index.php?rest_route=\/wp\/v2\/posts"}],"about":[{"href":"https:\/\/informadorweb.com\/index.php?rest_route=\/wp\/v2\/types\/post"}],"author":[{"embeddable":true,"href":"https:\/\/informadorweb.com\/index.php?rest_route=\/wp\/v2\/users\/1"}],"replies":[{"embeddable":true,"href":"https:\/\/informadorweb.com\/index.php?rest_route=%2Fwp%2Fv2%2Fcomments&post=23254"}],"version-history":[{"count":1,"href":"https:\/\/informadorweb.com\/index.php?rest_route=\/wp\/v2\/posts\/23254\/revisions"}],"predecessor-version":[{"id":23255,"href":"https:\/\/informadorweb.com\/index.php?rest_route=\/wp\/v2\/posts\/23254\/revisions\/23255"}],"wp:attachment":[{"href":"https:\/\/informadorweb.com\/index.php?rest_route=%2Fwp%2Fv2%2Fmedia&parent=23254"}],"wp:term":[{"taxonomy":"category","embeddable":true,"href":"https:\/\/informadorweb.com\/index.php?rest_route=%2Fwp%2Fv2%2Fcategories&post=23254"},{"taxonomy":"post_tag","embeddable":true,"href":"https:\/\/informadorweb.com\/index.php?rest_route=%2Fwp%2Fv2%2Ftags&post=23254"}],"curies":[{"name":"wp","href":"https:\/\/api.w.org\/{rel}","templated":true}]}}