{"id":23252,"date":"2026-03-10T13:36:55","date_gmt":"2026-03-10T19:36:55","guid":{"rendered":"https:\/\/informadorweb.com\/?p=23252"},"modified":"2026-03-10T19:36:57","modified_gmt":"2026-03-10T19:36:57","slug":"futbol-bolivia-da-a-conocer-su-lista-de-convocados-para-la-semifinal-del-repechaje-mundialista-ante-surinam","status":"publish","type":"post","link":"https:\/\/informadorweb.com\/?p=23252","title":{"rendered":"F\u00fatbol: Bolivia da a conocer su lista de convocados para la semifinal del repechaje mundialista ante Surinam"},"content":{"rendered":"<p>LA PAZ, 9 mar (Xinhua) &#8212; La selecci\u00f3n de f\u00fatbol de Bolivia dio a conocer este lunes su lista de 28 jugadores convocados para enfrentar el repechaje internacional ante el combinado de Surinam, el cual definir\u00e1 sus opciones de clasificaci\u00f3n al Mundial 2026 de la Federaci\u00f3n de Internacional de F\u00fatbol Asociaci\u00f3n (FIFA), que se disputar\u00e1 en Estados Unidos, M\u00e9xico y Canad\u00e1 en junio pr\u00f3ximo. \u00abLa Verde\u00bb, dirigida por el boliviano \u00d3scar Villegas, tambi\u00e9n inici\u00f3 su concentraci\u00f3n en la ciudad de Santa Cruz de la Sierra (este) para el duelo semifinal ante el cuadro surinam\u00e9s, que se disputar\u00e1 el pr\u00f3ximo d\u00eda 26, en el Estadio BBVA, de la ciudad mexicana de Monterrey, capital del estado de Nuevo Le\u00f3n (norte). En caso de vencer, la selecci\u00f3n andina deber\u00e1 medirse ante Irak, el 31 de marzo, en un duelo de eliminaci\u00f3n directa en busca del boleto para la justa mundialista. La lista de convocados fue difundida por la Federaci\u00f3n Boliviana de F\u00fatbol (FBF) a trav\u00e9s de sus redes sociales, al tiempo que inform\u00f3 que el combinado nacional tiene previsto realizar seis sesiones de entrenamiento antes de disputar un partido amistoso de despedida frente a Trinidad y Tobago, programado para el venidero d\u00eda 15, en el Estadio Ram\u00f3n \u00abTahuichi\u00bb Aguilera, de Santa Cruz. Tras ese compromiso, la delegaci\u00f3n boliviana viajar\u00e1 al d\u00eda siguiente hacia Monterrey, donde se sumar\u00e1n los futbolistas que militan en clubes del exterior. Entre los primeros convocados de equipos locales en incorporarse a la concentraci\u00f3n estuvieron Diego Rodr\u00edguez, Robson Matheus, Mois\u00e9s Villarroel y Ger\u00f3nimo Govea, este \u00faltimo procedente del club uruguayo Montevideo Wanderers. Rodr\u00edguez destac\u00f3 ante los periodistas la oportunidad de integrar el plantel nacional. \u00abGracias a Dios por esta convocatoria. Es una oportunidad linda&#8230; (para) seguir creciendo y ayudar a mi selecci\u00f3n\u00bb, se\u00f1al\u00f3. Por su parte, Villarroel afirm\u00f3 que el equipo afronta el desaf\u00edo \u00abcon mucha ilusi\u00f3n\u00bb, al asegurar que el objetivo del plantel es alcanzar la clasificaci\u00f3n al Mundial. La posibilidad de disputar el repechaje ha generado expectativas en Bolivia, que no participa en una Copa del Mundo desde el Mundial FIFA 1994, celebrado ese a\u00f1o en Estados Unidos. Fin<\/p>\n","protected":false},"excerpt":{"rendered":"<p>LA PAZ, 9 mar (Xinhua) &#8212; La selecci\u00f3n de f\u00fatbol de Bolivia dio a conocer&#8230;<\/p>\n","protected":false},"author":1,"featured_media":0,"comment_status":"closed","ping_status":"closed","sticky":false,"template":"","format":"standard","meta":{"footnotes":""},"categories":[2],"tags":[],"class_list":["post-23252","post","type-post","status-publish","format-standard","hentry","category-internacional"],"_links":{"self":[{"href":"https:\/\/informadorweb.com\/index.php?rest_route=\/wp\/v2\/posts\/23252","targetHints":{"allow":["GET"]}}],"collection":[{"href":"https:\/\/informadorweb.com\/index.php?rest_route=\/wp\/v2\/posts"}],"about":[{"href":"https:\/\/informadorweb.com\/index.php?rest_route=\/wp\/v2\/types\/post"}],"author":[{"embeddable":true,"href":"https:\/\/informadorweb.com\/index.php?rest_route=\/wp\/v2\/users\/1"}],"replies":[{"embeddable":true,"href":"https:\/\/informadorweb.com\/index.php?rest_route=%2Fwp%2Fv2%2Fcomments&post=23252"}],"version-history":[{"count":1,"href":"https:\/\/informadorweb.com\/index.php?rest_route=\/wp\/v2\/posts\/23252\/revisions"}],"predecessor-version":[{"id":23253,"href":"https:\/\/informadorweb.com\/index.php?rest_route=\/wp\/v2\/posts\/23252\/revisions\/23253"}],"wp:attachment":[{"href":"https:\/\/informadorweb.com\/index.php?rest_route=%2Fwp%2Fv2%2Fmedia&parent=23252"}],"wp:term":[{"taxonomy":"category","embeddable":true,"href":"https:\/\/informadorweb.com\/index.php?rest_route=%2Fwp%2Fv2%2Fcategories&post=23252"},{"taxonomy":"post_tag","embeddable":true,"href":"https:\/\/informadorweb.com\/index.php?rest_route=%2Fwp%2Fv2%2Ftags&post=23252"}],"curies":[{"name":"wp","href":"https:\/\/api.w.org\/{rel}","templated":true}]}}