{"id":23246,"date":"2026-03-10T13:35:34","date_gmt":"2026-03-10T19:35:34","guid":{"rendered":"https:\/\/informadorweb.com\/?p=23246"},"modified":"2026-03-10T19:35:35","modified_gmt":"2026-03-10T19:35:35","slug":"onu-celebra-dia-internacional-de-la-mujer","status":"publish","type":"post","link":"https:\/\/informadorweb.com\/?p=23246","title":{"rendered":"ONU celebra D\u00eda Internacional de la Mujer"},"content":{"rendered":"<p>NACIONES UNIDAS, 9 mar (Xinhua) &#8212; Los avances en la equidad de g\u00e9nero han sido impulsados por generaciones de mujeres que se negaron a aceptar las barreras que les impusieron, dijo Earle Courtenay Rattray, jefe de gabinete del secretario general de la ONU Ant\u00f3nio Guterres, quien habl\u00f3 hoy en nombre del jefe de la ONU en la conmemoraci\u00f3n del D\u00eda Internacional de la Mujer 2026. Adem\u00e1s de destacar el tema de este a\u00f1o \u00abDerechos. Justicia. Acci\u00f3n. Para TODAS las mujeres y ni\u00f1as\u00bb en la conmemoraci\u00f3n oficial de la ONU organizada por ONU Mujeres, Rattray advirti\u00f3 que el acceso a la justicia sigue siendo profundamente desigual, y que las mujeres y las ni\u00f1as todav\u00eda ostentan \u00fanicamente una fracci\u00f3n de los derechos legales de los que los hombres gozan. \u00abEste momento exige actuar ya\u00bb, dijo Rattray quien pidi\u00f3 desmantelar las leyes discriminatorias, fortalecer los sistemas de justicia para proteger a las supervivientes y hacer que los responsables rindan cuentas, as\u00ed como garantizar la plena participaci\u00f3n de las mujeres en la dirigencia y la toma de decisiones. \u00abLa paridad de g\u00e9nero no es s\u00f3lo un imperativo moral\u00bb, a\u00f1adi\u00f3. \u00abEs esencial para un futuro m\u00e1s justo, m\u00e1s pac\u00edfico y m\u00e1s sostenible\u00bb. La presidenta de la Asamblea General de la ONU, Annalena Baerbock, destac\u00f3 en sus comentarios los estereotipos que las mujeres l\u00edderes siguen enfrentando, desde ser etiquetadas como \u00abdemasiado emocionales\u00bb o \u00abdemasiado ambiciosas\u00bb, hasta ser juzgadas por la forma en la que visten o dirigen. Adem\u00e1s de pedir a las mujeres \u00abcambiar la narrativa\u00bb, Baerbock dijo que la evidencia muestra que las sociedades resultan beneficiadas cuando las mujeres y las ni\u00f1as son empoderadas. \u00abLos hechos son muy claros\u00bb, dijo Baerbock, quien destac\u00f3 que las econom\u00edas crecen cuando las ni\u00f1as permanecen en la escuela, la productividad aumenta cuando las mujeres se unen a la fuerza laboral, los acuerdos de paz duran m\u00e1s cuando las mujeres se encuentran en la mesa de negociaci\u00f3n, y cuando las mujeres dirigen las instituciones, son m\u00e1s resilientes. \u00abAs\u00ed que, mujeres, es momento de cambiar la narrativa\u00bb, indic\u00f3, y pidi\u00f3 continuar con las acciones hasta que las mujeres y las ni\u00f1as de todas partes disfruten de los mismos derechos, representaci\u00f3n y protecci\u00f3n de la violencia, y hasta que las mujeres est\u00e9n representadas de forma equitativa \u00aben redacciones, salas de juntas, Gobiernos, y al frente de esta instituci\u00f3n, nuestra Organizaci\u00f3n de las Naciones Unidas\u00bb. Sima Bahous, secretaria general adjunta de la ONU y directora ejecutiva de ONU Mujeres, dijo que el D\u00eda Internacional de la Mujer re\u00fane un movimiento con una larga historia, pero profundamente contempor\u00e1neo que mira hacia un futuro de equidad. \u00abUn futuro y un presente fundamentados en los derechos, la justicia y, de forma crucial, una vida libre de violencia, una vida vivida en paz. Para todas las mujeres y las ni\u00f1as, en todas partes\u00bb, a\u00f1adi\u00f3. Fin<\/p>\n","protected":false},"excerpt":{"rendered":"<p>NACIONES UNIDAS, 9 mar (Xinhua) &#8212; Los avances en la equidad de g\u00e9nero han sido&#8230;<\/p>\n","protected":false},"author":1,"featured_media":0,"comment_status":"closed","ping_status":"closed","sticky":false,"template":"","format":"standard","meta":{"footnotes":""},"categories":[2],"tags":[],"class_list":["post-23246","post","type-post","status-publish","format-standard","hentry","category-internacional"],"_links":{"self":[{"href":"https:\/\/informadorweb.com\/index.php?rest_route=\/wp\/v2\/posts\/23246","targetHints":{"allow":["GET"]}}],"collection":[{"href":"https:\/\/informadorweb.com\/index.php?rest_route=\/wp\/v2\/posts"}],"about":[{"href":"https:\/\/informadorweb.com\/index.php?rest_route=\/wp\/v2\/types\/post"}],"author":[{"embeddable":true,"href":"https:\/\/informadorweb.com\/index.php?rest_route=\/wp\/v2\/users\/1"}],"replies":[{"embeddable":true,"href":"https:\/\/informadorweb.com\/index.php?rest_route=%2Fwp%2Fv2%2Fcomments&post=23246"}],"version-history":[{"count":1,"href":"https:\/\/informadorweb.com\/index.php?rest_route=\/wp\/v2\/posts\/23246\/revisions"}],"predecessor-version":[{"id":23247,"href":"https:\/\/informadorweb.com\/index.php?rest_route=\/wp\/v2\/posts\/23246\/revisions\/23247"}],"wp:attachment":[{"href":"https:\/\/informadorweb.com\/index.php?rest_route=%2Fwp%2Fv2%2Fmedia&parent=23246"}],"wp:term":[{"taxonomy":"category","embeddable":true,"href":"https:\/\/informadorweb.com\/index.php?rest_route=%2Fwp%2Fv2%2Fcategories&post=23246"},{"taxonomy":"post_tag","embeddable":true,"href":"https:\/\/informadorweb.com\/index.php?rest_route=%2Fwp%2Fv2%2Ftags&post=23246"}],"curies":[{"name":"wp","href":"https:\/\/api.w.org\/{rel}","templated":true}]}}