{"id":23244,"date":"2026-03-10T13:35:02","date_gmt":"2026-03-10T19:35:02","guid":{"rendered":"https:\/\/informadorweb.com\/?p=23244"},"modified":"2026-03-10T19:35:03","modified_gmt":"2026-03-10T19:35:03","slug":"especial-inauguran-en-nicaragua-paseo-cultural-en-honor-a-escultora-edith-gron-en-marco-de-dia-internacional-de-la-mujer","status":"publish","type":"post","link":"https:\/\/informadorweb.com\/?p=23244","title":{"rendered":"Especial: Inauguran en Nicaragua paseo cultural en honor a escultora Edith Gr\u00f6n en marco de D\u00eda Internacional de la Mujer"},"content":{"rendered":"<p>MANAGUA, 9 mar (Xinhua) &#8212; La capital nicarag\u00fcense, Managua, alberga desde el domingo el Paseo Edith Gr\u00f6n, un espacio cultural en honor a la escultora de origen dan\u00e9s nacionalizada nicarag\u00fcense, en una jornada que se enmarc\u00f3 en la conmemoraci\u00f3n del D\u00eda Internacional de la Mujer. El nuevo paseo resalta el aporte femenino a la cultura y a la historia del pa\u00eds centroamericano, al estar concebido como un sitio para el encuentro familiar y la apreciaci\u00f3n del arte. El Paseo Edith Gr\u00f6n exhibe r\u00e9plicas de algunas de las obras m\u00e1s emblem\u00e1ticas de la artista, como las dedicadas al cacique ind\u00edgena Diriang\u00e9n y al poeta nicarag\u00fcense Rub\u00e9n Dar\u00edo, en un espacio que cuenta con jardines, andenes y bancas, lo que produce un ambiente que invita a recorrer y contemplar el legado de la artista. Durante la inauguraci\u00f3n, la alcaldesa de Managua, Reyna Rueda, destac\u00f3 el proceso de transformaci\u00f3n de la capital y aprovech\u00f3 la ocasi\u00f3n para saludar a las mujeres en su d\u00eda. \u00abTenemos que sentirnos orgullosos de todos los logros, de toda esta luz que irradia nuestro cari\u00f1o, nuestra dedicaci\u00f3n, nuestra inteligencia y nuestra fuerza, hoy m\u00e1s que nunca nos sentimos orgullosos de ser nicarag\u00fcenses\u00bb, expres\u00f3 Rueda. La alcaldesa de Managua describi\u00f3 a Gr\u00f6n como una mujer \u00abextraordinaria\u00bb que abraz\u00f3 a Nicaragua con profundo amor. Gr\u00f6n mostr\u00f3 desde joven habilidades para el modelado escult\u00f3rico, al formarse en Nicaragua, M\u00e9xico y Estados Unidos, adem\u00e1s de ganar diversos concursos y dedicar gran parte de su obra a representar figuras emblem\u00e1ticas de la historia nicarag\u00fcense. Entre sus esculturas m\u00e1s reconocidas se encuentran el monumento al h\u00e9roe Andr\u00e9s Castro (1956), la obra dedicada al general Jos\u00e9 Dolores Estrada (1959), \u00abEl Relevo\u00bb en homenaje a Emmanuel Mongalo (1960) y la escultura del cacique Diriang\u00e9n (1963), adem\u00e1s de retratos del poeta Dar\u00edo, entre otras piezas. La coordinadora general de la Comisi\u00f3n Nacional de Econom\u00eda Creativa, Camila Ortega, afirm\u00f3 que el legado de la escultora simboliza el poder transformador del arte y el papel de las mujeres en la sociedad. \u00abUna mujer excepcional, cuya obra representa la fuerza transformadora de las manos de la mujer creadora, artista, luchadora que hoy es inspiraci\u00f3n y legado, y que nos reitera que sin la participaci\u00f3n de la mujer no hay revoluci\u00f3n\u00bb, indic\u00f3. La funcionaria a\u00f1adi\u00f3 que el nuevo paseo busca invitar a las familias a vivir la cultura, valorar la creatividad y fortalecer el orgullo nacional. Destac\u00f3, adem\u00e1s, que el Gobierno nicarag\u00fcense contin\u00faa con la promoci\u00f3n de un modelo de equidad de g\u00e9nero \u00abdonde la mujer no solo participa, sino que somos protagonistas, decidimos y transformamos nuestro pa\u00eds\u00bb. En tanto, el co-secretario de Econom\u00eda Creativa, Innovadora y Emprendedora, Luis Morales, resalt\u00f3 el impacto de la obra de Gr\u00f6n en la memoria hist\u00f3rica de Nicaragua. \u00abEdith con fuerza levant\u00f3 el cincel y el martillo, y le dio vida al barro, la piedra, el m\u00e1rmol, la madera y el bronce\u00bb, expres\u00f3 Morales. \u00abLe dio rostro a nuestros h\u00e9roes con su talento y su inteligencia, para que las futuras generaciones se reconozcan en esos h\u00e9roes de la lucha por la soberan\u00eda y la dignidad\u00bb, subray\u00f3. Gr\u00f6n lleg\u00f3 a Nicaragua a los seis a\u00f1os de edad y desarroll\u00f3 gran parte de su carrera art\u00edstica en el pa\u00eds centroamericano, donde falleci\u00f3 el 15 de marzo de 1990 a los 73 a\u00f1os para dejar un legado escult\u00f3rico que hoy en d\u00eda forma parte del patrimonio cultural nicarag\u00fcense. Fin<\/p>\n","protected":false},"excerpt":{"rendered":"<p>MANAGUA, 9 mar (Xinhua) &#8212; La capital nicarag\u00fcense, Managua, alberga desde el domingo el Paseo&#8230;<\/p>\n","protected":false},"author":1,"featured_media":0,"comment_status":"closed","ping_status":"closed","sticky":false,"template":"","format":"standard","meta":{"footnotes":""},"categories":[2],"tags":[],"class_list":["post-23244","post","type-post","status-publish","format-standard","hentry","category-internacional"],"_links":{"self":[{"href":"https:\/\/informadorweb.com\/index.php?rest_route=\/wp\/v2\/posts\/23244","targetHints":{"allow":["GET"]}}],"collection":[{"href":"https:\/\/informadorweb.com\/index.php?rest_route=\/wp\/v2\/posts"}],"about":[{"href":"https:\/\/informadorweb.com\/index.php?rest_route=\/wp\/v2\/types\/post"}],"author":[{"embeddable":true,"href":"https:\/\/informadorweb.com\/index.php?rest_route=\/wp\/v2\/users\/1"}],"replies":[{"embeddable":true,"href":"https:\/\/informadorweb.com\/index.php?rest_route=%2Fwp%2Fv2%2Fcomments&post=23244"}],"version-history":[{"count":1,"href":"https:\/\/informadorweb.com\/index.php?rest_route=\/wp\/v2\/posts\/23244\/revisions"}],"predecessor-version":[{"id":23245,"href":"https:\/\/informadorweb.com\/index.php?rest_route=\/wp\/v2\/posts\/23244\/revisions\/23245"}],"wp:attachment":[{"href":"https:\/\/informadorweb.com\/index.php?rest_route=%2Fwp%2Fv2%2Fmedia&parent=23244"}],"wp:term":[{"taxonomy":"category","embeddable":true,"href":"https:\/\/informadorweb.com\/index.php?rest_route=%2Fwp%2Fv2%2Fcategories&post=23244"},{"taxonomy":"post_tag","embeddable":true,"href":"https:\/\/informadorweb.com\/index.php?rest_route=%2Fwp%2Fv2%2Ftags&post=23244"}],"curies":[{"name":"wp","href":"https:\/\/api.w.org\/{rel}","templated":true}]}}