{"id":23230,"date":"2026-03-10T13:22:48","date_gmt":"2026-03-10T19:22:48","guid":{"rendered":"https:\/\/informadorweb.com\/?p=23230"},"modified":"2026-03-10T19:22:49","modified_gmt":"2026-03-10T19:22:49","slug":"presidente-balcazar-busca-recuperar-orden-en-peru-con-nuevo-plan-nacional-de-seguridad","status":"publish","type":"post","link":"https:\/\/informadorweb.com\/?p=23230","title":{"rendered":"Presidente Balc\u00e1zar busca \u00abrecuperar orden\u00bb en Per\u00fa con nuevo Plan Nacional de Seguridad"},"content":{"rendered":"<p>LIMA, 9 mar (Xinhua) &#8212; El presidente de Per\u00fa, Jos\u00e9 Balc\u00e1zar, afirm\u00f3 este lunes que su Gobierno buscar\u00e1 \u00abrecuperar el orden\u00bb en el pa\u00eds sudamericano con el nuevo Plan Nacional de Seguridad Ciudadana y Lucha contra la Criminalidad 2026-2028, que est\u00e1 orientado a enfrentar el avance del crimen organizado. \u00abCon este plan se busca recuperar el orden, fortalecer el principio de autoridad y garantizar que la ley prevalezca en el territorio nacional\u00bb, afirm\u00f3 el mandatario desde la sede del Ministerio del Interior, durante la ceremonia de presentaci\u00f3n de esta nueva estrategia gubernamental. El jefe de Estado remarc\u00f3 que su gesti\u00f3n tiene el compromiso de velar por la paz y la seguridad de los ciudadanos, enfrentando de manera integral al crimen organizado, fen\u00f3meno que, seg\u00fan indic\u00f3, se manifiesta a trav\u00e9s de varias modalidades delictivas que se diversifican constantemente. En ese sentido, se\u00f1al\u00f3 que esta lucha requiere la participaci\u00f3n coordinada de distintas instituciones del Estado, incluyendo la Polic\u00eda Nacional, el Ministerio del Interior, el Poder Judicial y el Ministerio P\u00fablico, con el objetivo de responder de manera articulada a la din\u00e1mica de la criminalidad. En ese sentido, explic\u00f3 que el plan podr\u00e1 ser ajustado en funci\u00f3n de la evoluci\u00f3n del fen\u00f3meno delictivo, considerando que las estrategias de combate al crimen deben adaptarse a los cambios en las actividades il\u00edcitas que afectan la seguridad p\u00fablica. Durante la actividad, Balc\u00e1zar recibi\u00f3 reportes de la labor policial sobre 801 operativos que permitieron la detenci\u00f3n de 96 peruanos y 149 extranjeros, as\u00ed como el decomiso de 30 armas de fuego y la desarticulaci\u00f3n de 47 bandas, entre otras acciones. El Plan Nacional de Seguridad Ciudadana y Lucha contra la Criminalidad 2026-2028, oficializado hoy mediante un decreto publicado en el diario oficial \u00abEl Peruano\u00bb, establece responsabilidades institucionales, mecanismos de coordinaci\u00f3n intersectorial y sistemas de seguimiento y evaluaci\u00f3n, destinados a fortalecer las acciones de prevenci\u00f3n, control y lucha contra la criminalidad en el territorio nacional. Asimismo, tiene como objetivo proteger a la poblaci\u00f3n frente a amenazas contra su seguridad y garantizar la plena vigencia de los derechos fundamentales, en particular el derecho a la vida, la integridad personal y la seguridad de los ciudadanos. El decreto se\u00f1ala que las disposiciones del plan ser\u00e1n de aplicaci\u00f3n obligatoria en los tres niveles de Gobierno (nacional, regional y local) y para todas las entidades que integran el Sistema Nacional de Seguridad Ciudadana, as\u00ed como para aquellas instituciones p\u00fablicas que intervienen directa o complementariamente en la prevenci\u00f3n y control del delito. Fin<\/p>\n","protected":false},"excerpt":{"rendered":"<p>LIMA, 9 mar (Xinhua) &#8212; El presidente de Per\u00fa, Jos\u00e9 Balc\u00e1zar, afirm\u00f3 este lunes que&#8230;<\/p>\n","protected":false},"author":1,"featured_media":0,"comment_status":"closed","ping_status":"closed","sticky":false,"template":"","format":"standard","meta":{"footnotes":""},"categories":[2],"tags":[],"class_list":["post-23230","post","type-post","status-publish","format-standard","hentry","category-internacional"],"_links":{"self":[{"href":"https:\/\/informadorweb.com\/index.php?rest_route=\/wp\/v2\/posts\/23230","targetHints":{"allow":["GET"]}}],"collection":[{"href":"https:\/\/informadorweb.com\/index.php?rest_route=\/wp\/v2\/posts"}],"about":[{"href":"https:\/\/informadorweb.com\/index.php?rest_route=\/wp\/v2\/types\/post"}],"author":[{"embeddable":true,"href":"https:\/\/informadorweb.com\/index.php?rest_route=\/wp\/v2\/users\/1"}],"replies":[{"embeddable":true,"href":"https:\/\/informadorweb.com\/index.php?rest_route=%2Fwp%2Fv2%2Fcomments&post=23230"}],"version-history":[{"count":1,"href":"https:\/\/informadorweb.com\/index.php?rest_route=\/wp\/v2\/posts\/23230\/revisions"}],"predecessor-version":[{"id":23231,"href":"https:\/\/informadorweb.com\/index.php?rest_route=\/wp\/v2\/posts\/23230\/revisions\/23231"}],"wp:attachment":[{"href":"https:\/\/informadorweb.com\/index.php?rest_route=%2Fwp%2Fv2%2Fmedia&parent=23230"}],"wp:term":[{"taxonomy":"category","embeddable":true,"href":"https:\/\/informadorweb.com\/index.php?rest_route=%2Fwp%2Fv2%2Fcategories&post=23230"},{"taxonomy":"post_tag","embeddable":true,"href":"https:\/\/informadorweb.com\/index.php?rest_route=%2Fwp%2Fv2%2Ftags&post=23230"}],"curies":[{"name":"wp","href":"https:\/\/api.w.org\/{rel}","templated":true}]}}