{"id":23220,"date":"2026-03-10T13:17:36","date_gmt":"2026-03-10T19:17:36","guid":{"rendered":"https:\/\/informadorweb.com\/?p=23220"},"modified":"2026-03-10T19:17:38","modified_gmt":"2026-03-10T19:17:38","slug":"ue-dispuesta-a-ayudar-a-distender-situacion-en-medio-oriente-segun-comunicado","status":"publish","type":"post","link":"https:\/\/informadorweb.com\/?p=23220","title":{"rendered":"UE dispuesta a ayudar a distender situaci\u00f3n en Medio Oriente, seg\u00fan comunicado"},"content":{"rendered":"<p>BRUSELAS, 9 mar (Xinhua) &#8212; L\u00edderes de la Uni\u00f3n Europea (UE) se\u00f1alaron hoy lunes que el bloque est\u00e1 listo para desempe\u00f1ar un papel con el objetivo de mitigar las tensiones en Medio Oriente, y pidieron la distensi\u00f3n y el regreso a las negociaciones. La UE est\u00e1 dispuesta a \u00abcontribuir de todas las formas posibles para apoyar la distensi\u00f3n de la situaci\u00f3n y facilitar el regreso a la mesa de negociaciones\u00bb, se\u00f1alaron el presidente del Consejo Europeo, Ant\u00f3nio Costa, y la presidenta de la Comisi\u00f3n Europea, Ursula von der Leyen, en un comunicado luego de una videoconferencia con l\u00edderes de la regi\u00f3n. A\u00f1adieron que el di\u00e1logo y la diplomacia siguen siendo \u00abel \u00fanico camino viable\u00bb. Von der Leyen y Costa tambi\u00e9n reafirmaron el compromiso de la UE con la estabilidad regional en Medio Oriente, haciendo un llamado para la protecci\u00f3n de los civiles y el pleno respeto del derecho internacional, del derecho internacional humanitario y de los principios de la Carta de las Naciones Unidas, indic\u00f3 el comunicado. Fin<\/p>\n","protected":false},"excerpt":{"rendered":"<p>BRUSELAS, 9 mar (Xinhua) &#8212; L\u00edderes de la Uni\u00f3n Europea (UE) se\u00f1alaron hoy lunes que&#8230;<\/p>\n","protected":false},"author":1,"featured_media":0,"comment_status":"closed","ping_status":"closed","sticky":false,"template":"","format":"standard","meta":{"footnotes":""},"categories":[2],"tags":[],"class_list":["post-23220","post","type-post","status-publish","format-standard","hentry","category-internacional"],"_links":{"self":[{"href":"https:\/\/informadorweb.com\/index.php?rest_route=\/wp\/v2\/posts\/23220","targetHints":{"allow":["GET"]}}],"collection":[{"href":"https:\/\/informadorweb.com\/index.php?rest_route=\/wp\/v2\/posts"}],"about":[{"href":"https:\/\/informadorweb.com\/index.php?rest_route=\/wp\/v2\/types\/post"}],"author":[{"embeddable":true,"href":"https:\/\/informadorweb.com\/index.php?rest_route=\/wp\/v2\/users\/1"}],"replies":[{"embeddable":true,"href":"https:\/\/informadorweb.com\/index.php?rest_route=%2Fwp%2Fv2%2Fcomments&post=23220"}],"version-history":[{"count":1,"href":"https:\/\/informadorweb.com\/index.php?rest_route=\/wp\/v2\/posts\/23220\/revisions"}],"predecessor-version":[{"id":23221,"href":"https:\/\/informadorweb.com\/index.php?rest_route=\/wp\/v2\/posts\/23220\/revisions\/23221"}],"wp:attachment":[{"href":"https:\/\/informadorweb.com\/index.php?rest_route=%2Fwp%2Fv2%2Fmedia&parent=23220"}],"wp:term":[{"taxonomy":"category","embeddable":true,"href":"https:\/\/informadorweb.com\/index.php?rest_route=%2Fwp%2Fv2%2Fcategories&post=23220"},{"taxonomy":"post_tag","embeddable":true,"href":"https:\/\/informadorweb.com\/index.php?rest_route=%2Fwp%2Fv2%2Ftags&post=23220"}],"curies":[{"name":"wp","href":"https:\/\/api.w.org\/{rel}","templated":true}]}}