{"id":23218,"date":"2026-03-10T13:16:54","date_gmt":"2026-03-10T19:16:54","guid":{"rendered":"https:\/\/informadorweb.com\/?p=23218"},"modified":"2026-03-10T19:16:56","modified_gmt":"2026-03-10T19:16:56","slug":"orban-insta-a-ue-a-suspender-sanciones-a-sector-energetico-de-rusia","status":"publish","type":"post","link":"https:\/\/informadorweb.com\/?p=23218","title":{"rendered":"Orban insta a UE a suspender sanciones a sector energ\u00e9tico de Rusia"},"content":{"rendered":"<p>BUDAPEST, 9 mar (Xinhua) &#8212; El primer ministro de Hungr\u00eda, Viktor Orban, pidi\u00f3 hoy lunes a la Uni\u00f3n Europea (UE) revisar y suspender las sanciones sobre la energ\u00eda rusa y advirti\u00f3 que el aumento de los precios del petr\u00f3leo y las interrupciones en el suministro representan riesgos para la seguridad energ\u00e9tica regional. En un videomensaje publicado en redes sociales, Orban afirm\u00f3 que el aumento de los precios del combustible en Hungr\u00eda estaba relacionado con lo que describi\u00f3 como un \u00abbloqueo petrolero ucraniano\u00bb y la escalada de tensiones en Medio Oriente. A\u00f1adi\u00f3 que hab\u00eda enviado una carta a la presidenta de la Comisi\u00f3n Europea, Ursula von der Leyen, instando a la UE a reconsiderar las sanciones impuestas a la energ\u00eda rusa. \u00abEl bloqueo petrolero ucraniano representa ahora la amenaza m\u00e1s grave no solo para Hungr\u00eda y Eslovaquia, sino tambi\u00e9n para toda la UE\u00bb, afirm\u00f3 Orban. El Gobierno h\u00fangaro debe evitar que los precios de la gasolina y el di\u00e9sel suban a \u00abniveles insostenibles\u00bb, y se\u00f1al\u00f3 que se hab\u00eda convocado una reuni\u00f3n extraordinaria del Gobierno para abordar el tema. Hungr\u00eda y Eslovaquia han sufrido recientemente interrupciones en el suministro de petr\u00f3leo a trav\u00e9s del oleoducto Druzhba, que transporta crudo ruso a Europa Central a trav\u00e9s de Ucrania. La situaci\u00f3n ha intensificado las tensiones entre ambos pa\u00edses y Ucrania, y ha generado preocupaciones sobre el posible impacto en el suministro energ\u00e9tico regional. Fin<\/p>\n","protected":false},"excerpt":{"rendered":"<p>BUDAPEST, 9 mar (Xinhua) &#8212; El primer ministro de Hungr\u00eda, Viktor Orban, pidi\u00f3 hoy lunes&#8230;<\/p>\n","protected":false},"author":1,"featured_media":0,"comment_status":"closed","ping_status":"closed","sticky":false,"template":"","format":"standard","meta":{"footnotes":""},"categories":[2],"tags":[],"class_list":["post-23218","post","type-post","status-publish","format-standard","hentry","category-internacional"],"_links":{"self":[{"href":"https:\/\/informadorweb.com\/index.php?rest_route=\/wp\/v2\/posts\/23218","targetHints":{"allow":["GET"]}}],"collection":[{"href":"https:\/\/informadorweb.com\/index.php?rest_route=\/wp\/v2\/posts"}],"about":[{"href":"https:\/\/informadorweb.com\/index.php?rest_route=\/wp\/v2\/types\/post"}],"author":[{"embeddable":true,"href":"https:\/\/informadorweb.com\/index.php?rest_route=\/wp\/v2\/users\/1"}],"replies":[{"embeddable":true,"href":"https:\/\/informadorweb.com\/index.php?rest_route=%2Fwp%2Fv2%2Fcomments&post=23218"}],"version-history":[{"count":1,"href":"https:\/\/informadorweb.com\/index.php?rest_route=\/wp\/v2\/posts\/23218\/revisions"}],"predecessor-version":[{"id":23219,"href":"https:\/\/informadorweb.com\/index.php?rest_route=\/wp\/v2\/posts\/23218\/revisions\/23219"}],"wp:attachment":[{"href":"https:\/\/informadorweb.com\/index.php?rest_route=%2Fwp%2Fv2%2Fmedia&parent=23218"}],"wp:term":[{"taxonomy":"category","embeddable":true,"href":"https:\/\/informadorweb.com\/index.php?rest_route=%2Fwp%2Fv2%2Fcategories&post=23218"},{"taxonomy":"post_tag","embeddable":true,"href":"https:\/\/informadorweb.com\/index.php?rest_route=%2Fwp%2Fv2%2Ftags&post=23218"}],"curies":[{"name":"wp","href":"https:\/\/api.w.org\/{rel}","templated":true}]}}