{"id":23216,"date":"2026-03-10T13:16:27","date_gmt":"2026-03-10T19:16:27","guid":{"rendered":"https:\/\/informadorweb.com\/?p=23216"},"modified":"2026-03-10T19:16:28","modified_gmt":"2026-03-10T19:16:28","slug":"trump-afirma-no-estar-ni-cerca-de-ordenar-despliegue-de-soldados-de-eeuu-en-iran","status":"publish","type":"post","link":"https:\/\/informadorweb.com\/?p=23216","title":{"rendered":"Trump afirma no estar \u00abni cerca\u00bb de ordenar despliegue de soldados de EEUU en Ir\u00e1n"},"content":{"rendered":"<p>WASHINGTON, 9 mar (Xinhua) &#8212; El presidente de Estados Unidos, Donald Trump, indic\u00f3 hoy que no est\u00e1 \u00abni cerca\u00bb de ordenar el despliegue de soldados estadounidenses en Ir\u00e1n para salvaguardar el material nuclear en Isfah\u00e1n, inform\u00f3 el New York Post. \u00abNo hemos tomado ninguna decisi\u00f3n al respecto. No estamos ni cerca\u00bb, dijo Trump al diario en una entrevista telef\u00f3nica. Trump tambi\u00e9n dijo que no est\u00e1 \u00abfeliz\u00bb con la elecci\u00f3n de Mojtaba Khamenei como nuevo l\u00edder supremo de Ir\u00e1n. El domingo, Trump dijo que el pr\u00f3ximo l\u00edder supremo de Ir\u00e1n \u00abno va a durar mucho\u00bb sin su aprobaci\u00f3n. \u00abVa a tener que conseguir nuestra aprobaci\u00f3n\u00bb, dijo Trump en una entrevista con ABC News. \u00abSi no consigue nuestra aprobaci\u00f3n, no va a durar mucho\u00bb. El 28 de febrero, Estados Unidos e Israel lanzaron ataques conjuntos contra Teher\u00e1n y varias ciudades m\u00e1s, en los que murieron el l\u00edder supremo iran\u00ed ayatol\u00e1 Ali Khamenei, decenas de altos funcionarios y comandantes militares, as\u00ed como cientos de civiles. Fin<\/p>\n","protected":false},"excerpt":{"rendered":"<p>WASHINGTON, 9 mar (Xinhua) &#8212; El presidente de Estados Unidos, Donald Trump, indic\u00f3 hoy que&#8230;<\/p>\n","protected":false},"author":1,"featured_media":0,"comment_status":"closed","ping_status":"closed","sticky":false,"template":"","format":"standard","meta":{"footnotes":""},"categories":[2],"tags":[],"class_list":["post-23216","post","type-post","status-publish","format-standard","hentry","category-internacional"],"_links":{"self":[{"href":"https:\/\/informadorweb.com\/index.php?rest_route=\/wp\/v2\/posts\/23216","targetHints":{"allow":["GET"]}}],"collection":[{"href":"https:\/\/informadorweb.com\/index.php?rest_route=\/wp\/v2\/posts"}],"about":[{"href":"https:\/\/informadorweb.com\/index.php?rest_route=\/wp\/v2\/types\/post"}],"author":[{"embeddable":true,"href":"https:\/\/informadorweb.com\/index.php?rest_route=\/wp\/v2\/users\/1"}],"replies":[{"embeddable":true,"href":"https:\/\/informadorweb.com\/index.php?rest_route=%2Fwp%2Fv2%2Fcomments&post=23216"}],"version-history":[{"count":1,"href":"https:\/\/informadorweb.com\/index.php?rest_route=\/wp\/v2\/posts\/23216\/revisions"}],"predecessor-version":[{"id":23217,"href":"https:\/\/informadorweb.com\/index.php?rest_route=\/wp\/v2\/posts\/23216\/revisions\/23217"}],"wp:attachment":[{"href":"https:\/\/informadorweb.com\/index.php?rest_route=%2Fwp%2Fv2%2Fmedia&parent=23216"}],"wp:term":[{"taxonomy":"category","embeddable":true,"href":"https:\/\/informadorweb.com\/index.php?rest_route=%2Fwp%2Fv2%2Fcategories&post=23216"},{"taxonomy":"post_tag","embeddable":true,"href":"https:\/\/informadorweb.com\/index.php?rest_route=%2Fwp%2Fv2%2Ftags&post=23216"}],"curies":[{"name":"wp","href":"https:\/\/api.w.org\/{rel}","templated":true}]}}