{"id":23204,"date":"2026-03-10T10:44:42","date_gmt":"2026-03-10T16:44:42","guid":{"rendered":"https:\/\/informadorweb.com\/?p=23204"},"modified":"2026-03-10T16:44:43","modified_gmt":"2026-03-10T16:44:43","slug":"iran-afirma-que-la-agresion-de-ee-uu-busca-dominar-sus-recursos","status":"publish","type":"post","link":"https:\/\/informadorweb.com\/?p=23204","title":{"rendered":"Ir\u00e1n afirma que la \u00abagresi\u00f3n\u00bb de EE. UU. busca dominar sus recursos"},"content":{"rendered":"<p>TEHER\u00c1N, 9 mar (Xinhua) &#8212; El portavoz del Ministerio de Asuntos Exteriores iran\u00ed, Esmaeil Baghaei, afirm\u00f3 hoy lunes que el principal objetivo de la \u00abagresi\u00f3n\u00bb de Estados Unidos contra Ir\u00e1n es dominar sus recursos. Baghaei hizo estas declaraciones durante una conferencia de prensa semanal en la capital iran\u00ed, Teher\u00e1n, mientras explicaba los fines que persigue Washington en los ataques conjuntos que ha realizado junto a Israel contra su pa\u00eds desde finales de febrero. \u00abNo hay duda sobre el objetivo de EE. UU. Nadie duda de que busca dominar los recursos de otros pa\u00edses\u00bb, afirm\u00f3. El vocero se\u00f1al\u00f3 que, actualmente, todos los esfuerzos y la atenci\u00f3n de Ir\u00e1n est\u00e1n centrados en defender el pa\u00eds frente a la \u00abbrutal agresi\u00f3n\u00bb. Subray\u00f3 que la presencia estadounidense en Asia Occidental no contribuye a la seguridad ni a la estabilidad regional, y que solo ha generado inseguridad, divisiones entre los Estados de la regi\u00f3n y conflictos entre pa\u00edses isl\u00e1micos. Baghaei tambi\u00e9n indic\u00f3 que un n\u00famero \u00absignificativo\u00bb de misiones diplom\u00e1ticas extranjeras sigue operando en Ir\u00e1n a pesar del conflicto. \u00abContamos con varias misiones diplom\u00e1ticas y consulares, as\u00ed como oficinas representativas internacionales, de las cuales m\u00e1s de la mitad contin\u00faan en funcionamiento\u00bb, asegur\u00f3, agregando que el Gobierno iran\u00ed garantiza plenamente la seguridad de los diplom\u00e1ticos extranjeros en el pa\u00eds. El 28 de febrero, EE. UU. e Israel lanzaron ataques conjuntos contra Teher\u00e1n y varias otras ciudades iran\u00edes, que provocaron la muerte del l\u00edder supremo de Ir\u00e1n, el ayatol\u00e1 Ali Jamenei, algunos miembros de su familia, altos mandos militares y civiles. Ir\u00e1n respondi\u00f3 con varias oleadas de ataques con misiles y drones contra Israel y bases estadounidenses en Medio Oriente. Fin<\/p>\n","protected":false},"excerpt":{"rendered":"<p>TEHER\u00c1N, 9 mar (Xinhua) &#8212; El portavoz del Ministerio de Asuntos Exteriores iran\u00ed, Esmaeil Baghaei,&#8230;<\/p>\n","protected":false},"author":1,"featured_media":0,"comment_status":"closed","ping_status":"closed","sticky":false,"template":"","format":"standard","meta":{"footnotes":""},"categories":[2],"tags":[],"class_list":["post-23204","post","type-post","status-publish","format-standard","hentry","category-internacional"],"_links":{"self":[{"href":"https:\/\/informadorweb.com\/index.php?rest_route=\/wp\/v2\/posts\/23204","targetHints":{"allow":["GET"]}}],"collection":[{"href":"https:\/\/informadorweb.com\/index.php?rest_route=\/wp\/v2\/posts"}],"about":[{"href":"https:\/\/informadorweb.com\/index.php?rest_route=\/wp\/v2\/types\/post"}],"author":[{"embeddable":true,"href":"https:\/\/informadorweb.com\/index.php?rest_route=\/wp\/v2\/users\/1"}],"replies":[{"embeddable":true,"href":"https:\/\/informadorweb.com\/index.php?rest_route=%2Fwp%2Fv2%2Fcomments&post=23204"}],"version-history":[{"count":1,"href":"https:\/\/informadorweb.com\/index.php?rest_route=\/wp\/v2\/posts\/23204\/revisions"}],"predecessor-version":[{"id":23205,"href":"https:\/\/informadorweb.com\/index.php?rest_route=\/wp\/v2\/posts\/23204\/revisions\/23205"}],"wp:attachment":[{"href":"https:\/\/informadorweb.com\/index.php?rest_route=%2Fwp%2Fv2%2Fmedia&parent=23204"}],"wp:term":[{"taxonomy":"category","embeddable":true,"href":"https:\/\/informadorweb.com\/index.php?rest_route=%2Fwp%2Fv2%2Fcategories&post=23204"},{"taxonomy":"post_tag","embeddable":true,"href":"https:\/\/informadorweb.com\/index.php?rest_route=%2Fwp%2Fv2%2Ftags&post=23204"}],"curies":[{"name":"wp","href":"https:\/\/api.w.org\/{rel}","templated":true}]}}