{"id":23182,"date":"2026-03-10T10:36:06","date_gmt":"2026-03-10T16:36:06","guid":{"rendered":"https:\/\/informadorweb.com\/?p=23182"},"modified":"2026-03-10T16:36:07","modified_gmt":"2026-03-10T16:36:07","slug":"misil-balistico-disparado-desde-iran-es-interceptado-sobre-sureste-de-turquia","status":"publish","type":"post","link":"https:\/\/informadorweb.com\/?p=23182","title":{"rendered":"Misil bal\u00edstico disparado desde Ir\u00e1n es interceptado sobre sureste de Turqu\u00eda"},"content":{"rendered":"<p>ESTAMBUL, 9 mar (Xinhua) &#8212; El Ministerio de Defensa turco dijo hoy lunes que un misil disparado desde Ir\u00e1n fue interceptado con \u00e9xito sobre la provincia de Gaziantep, en el sureste de Turqu\u00eda. En un comunicado publicado en la red social X, el ministerio dijo que la munici\u00f3n bal\u00edstica, que entr\u00f3 en el espacio a\u00e9reo turco, fue neutralizada por activos de la Organizaci\u00f3n del Tratado del Atl\u00e1ntico Norte (OTAN) y de defensa antimisiles desplegados en el Mediterr\u00e1neo Oriental. Algunos restos del misil cayeron en zonas deshabitadas en Gaziantep, y el ministerio confirm\u00f3 que no hubo muertos ni heridos. \u00abUna vez m\u00e1s enfatizamos que se tomar\u00e1n decisivamente todas las medidas necesarias y sin dudar contra cualquier amenaza dirigida contra el territorio y espacio a\u00e9reo de nuestro pa\u00eds\u00bb, indic\u00f3 el comunicado. \u00abTambi\u00e9n reiteramos que a todos conviene atender la advertencia de Turqu\u00eda al respecto\u00bb. Burhanettin Duran, jefe de la Direcci\u00f3n de Comunicaci\u00f3n de la presidencia turca, coment\u00f3 en X que \u00abtodas las partes, en particular Ir\u00e1n, deben abstenerse de acciones que pudieran poner en riesgo la seguridad regional y a los civiles\u00bb. El mi\u00e9rcoles, un misil bal\u00edstico lanzado desde Ir\u00e1n y detectado con direcci\u00f3n a Turqu\u00eda fue interceptado con \u00e9xito por las unidades de defensa a\u00e9rea y antimisiles de la OTAN desplegadas en el Mediterr\u00e1neo Oriental. La interceptaci\u00f3n ocurri\u00f3 en medio de las crecientes tensiones regionales tras los ataques conjuntos estadounidense-israel\u00edes contra Ir\u00e1n desde el 28 de febrero, a los cuales Ir\u00e1n respondi\u00f3 con ataques de misiles y drones contra activos israel\u00edes y estadounidenses en todo el Medio Oriente. Fin<\/p>\n","protected":false},"excerpt":{"rendered":"<p>ESTAMBUL, 9 mar (Xinhua) &#8212; El Ministerio de Defensa turco dijo hoy lunes que un&#8230;<\/p>\n","protected":false},"author":1,"featured_media":0,"comment_status":"closed","ping_status":"closed","sticky":false,"template":"","format":"standard","meta":{"footnotes":""},"categories":[2],"tags":[],"class_list":["post-23182","post","type-post","status-publish","format-standard","hentry","category-internacional"],"_links":{"self":[{"href":"https:\/\/informadorweb.com\/index.php?rest_route=\/wp\/v2\/posts\/23182","targetHints":{"allow":["GET"]}}],"collection":[{"href":"https:\/\/informadorweb.com\/index.php?rest_route=\/wp\/v2\/posts"}],"about":[{"href":"https:\/\/informadorweb.com\/index.php?rest_route=\/wp\/v2\/types\/post"}],"author":[{"embeddable":true,"href":"https:\/\/informadorweb.com\/index.php?rest_route=\/wp\/v2\/users\/1"}],"replies":[{"embeddable":true,"href":"https:\/\/informadorweb.com\/index.php?rest_route=%2Fwp%2Fv2%2Fcomments&post=23182"}],"version-history":[{"count":1,"href":"https:\/\/informadorweb.com\/index.php?rest_route=\/wp\/v2\/posts\/23182\/revisions"}],"predecessor-version":[{"id":23183,"href":"https:\/\/informadorweb.com\/index.php?rest_route=\/wp\/v2\/posts\/23182\/revisions\/23183"}],"wp:attachment":[{"href":"https:\/\/informadorweb.com\/index.php?rest_route=%2Fwp%2Fv2%2Fmedia&parent=23182"}],"wp:term":[{"taxonomy":"category","embeddable":true,"href":"https:\/\/informadorweb.com\/index.php?rest_route=%2Fwp%2Fv2%2Fcategories&post=23182"},{"taxonomy":"post_tag","embeddable":true,"href":"https:\/\/informadorweb.com\/index.php?rest_route=%2Fwp%2Fv2%2Ftags&post=23182"}],"curies":[{"name":"wp","href":"https:\/\/api.w.org\/{rel}","templated":true}]}}