{"id":23180,"date":"2026-03-10T10:35:42","date_gmt":"2026-03-10T16:35:42","guid":{"rendered":"https:\/\/informadorweb.com\/?p=23180"},"modified":"2026-03-10T16:35:43","modified_gmt":"2026-03-10T16:35:43","slug":"primer-ministro-britanico-insta-a-rebajar-la-tension-con-iran-y-advierte-del-impacto-economico","status":"publish","type":"post","link":"https:\/\/informadorweb.com\/?p=23180","title":{"rendered":"Primer ministro brit\u00e1nico insta a rebajar la tensi\u00f3n con Ir\u00e1n y advierte del impacto econ\u00f3mico"},"content":{"rendered":"<p>LONDRES, 9 mar (Xinhua) &#8212; El primer ministro del Reino Unido, Keir Starmer, afirm\u00f3 hoy lunes que se deben realizar esfuerzos para reducir las tensiones en torno a Ir\u00e1n y advirti\u00f3 que un conflicto prolongado podr\u00eda tener consecuencias econ\u00f3micas negativas, informaron medios brit\u00e1nicos. Seg\u00fan un video publicado por The Guardian en redes sociales, Starmer hizo estas declaraciones durante una visita a un centro comunitario en Londres, donde subray\u00f3 la necesidad de aliviar la situaci\u00f3n. \u00abNecesitamos encontrar una manera de desescalar la situaci\u00f3n en Ir\u00e1n\u00bb, se\u00f1al\u00f3. Starmer advirti\u00f3 que un conflicto prolongado podr\u00eda tener implicaciones econ\u00f3micas m\u00e1s amplias. \u00abCuanto m\u00e1s tiempo contin\u00fae este conflicto, mayor ser\u00e1 la probabilidad de que tenga un impacto en la econom\u00eda\u00bb, afirm\u00f3. A\u00f1adi\u00f3 que el Gobierno brit\u00e1nico ha tomado medidas durante los \u00faltimos 18 meses para fortalecer la resiliencia de la econom\u00eda frente a posibles \u00abshocks\u00bb. Fin<\/p>\n","protected":false},"excerpt":{"rendered":"<p>LONDRES, 9 mar (Xinhua) &#8212; El primer ministro del Reino Unido, Keir Starmer, afirm\u00f3 hoy&#8230;<\/p>\n","protected":false},"author":1,"featured_media":0,"comment_status":"closed","ping_status":"closed","sticky":false,"template":"","format":"standard","meta":{"footnotes":""},"categories":[2],"tags":[],"class_list":["post-23180","post","type-post","status-publish","format-standard","hentry","category-internacional"],"_links":{"self":[{"href":"https:\/\/informadorweb.com\/index.php?rest_route=\/wp\/v2\/posts\/23180","targetHints":{"allow":["GET"]}}],"collection":[{"href":"https:\/\/informadorweb.com\/index.php?rest_route=\/wp\/v2\/posts"}],"about":[{"href":"https:\/\/informadorweb.com\/index.php?rest_route=\/wp\/v2\/types\/post"}],"author":[{"embeddable":true,"href":"https:\/\/informadorweb.com\/index.php?rest_route=\/wp\/v2\/users\/1"}],"replies":[{"embeddable":true,"href":"https:\/\/informadorweb.com\/index.php?rest_route=%2Fwp%2Fv2%2Fcomments&post=23180"}],"version-history":[{"count":1,"href":"https:\/\/informadorweb.com\/index.php?rest_route=\/wp\/v2\/posts\/23180\/revisions"}],"predecessor-version":[{"id":23181,"href":"https:\/\/informadorweb.com\/index.php?rest_route=\/wp\/v2\/posts\/23180\/revisions\/23181"}],"wp:attachment":[{"href":"https:\/\/informadorweb.com\/index.php?rest_route=%2Fwp%2Fv2%2Fmedia&parent=23180"}],"wp:term":[{"taxonomy":"category","embeddable":true,"href":"https:\/\/informadorweb.com\/index.php?rest_route=%2Fwp%2Fv2%2Fcategories&post=23180"},{"taxonomy":"post_tag","embeddable":true,"href":"https:\/\/informadorweb.com\/index.php?rest_route=%2Fwp%2Fv2%2Ftags&post=23180"}],"curies":[{"name":"wp","href":"https:\/\/api.w.org\/{rel}","templated":true}]}}