{"id":23176,"date":"2026-03-10T10:31:33","date_gmt":"2026-03-10T16:31:33","guid":{"rendered":"https:\/\/informadorweb.com\/?p=23176"},"modified":"2026-03-10T16:31:34","modified_gmt":"2026-03-10T16:31:34","slug":"ee-uu-suspende-servicios-consulares-en-sur-de-turquia-y-ordena-salida-de-personal-gubernamental-no-esencial","status":"publish","type":"post","link":"https:\/\/informadorweb.com\/?p=23176","title":{"rendered":"EE. UU. suspende servicios consulares en sur de Turqu\u00eda y ordena salida de personal gubernamental no esencial"},"content":{"rendered":"<p>ANKARA, 9 mar (Xinhua) &#8212; Estados Unidos suspendi\u00f3 hoy lunes los servicios consulares en su consulado en el sur de Turqu\u00eda y orden\u00f3 la salida del personal gubernamental no esencial y de sus familiares, citando preocupaciones de seguridad. \u00abNo hay mayor prioridad que la seguridad de los ciudadanos estadounidenses para el presidente (Donald) Trump, el secretario de Estado (Marco) Rubio y todo el Departamento de Estado\u00bb, se\u00f1al\u00f3 la Embajada de EE. UU. en Turqu\u00eda en un comunicado publicado este lunes en la red social X. El comunicado indica que el Departamento de Estado orden\u00f3 a los empleados del Gobierno estadounidense no esenciales y a sus familiares asignados al Consulado General de EE. UU. en Adana, Turqu\u00eda, abandonar el puesto \u00abpor extrema precauci\u00f3n\u00bb ante riesgos de seguridad. La decisi\u00f3n se tom\u00f3 en medio del aumento de las tensiones regionales tras los ataques conjuntos de EE. UU. e Israel contra Ir\u00e1n iniciados el 28 de febrero, a los que Teher\u00e1n respondi\u00f3 con ataques con misiles y drones contra Israel y activos estadounidenses en Medio Oriente. Fin<\/p>\n","protected":false},"excerpt":{"rendered":"<p>ANKARA, 9 mar (Xinhua) &#8212; Estados Unidos suspendi\u00f3 hoy lunes los servicios consulares en su&#8230;<\/p>\n","protected":false},"author":1,"featured_media":0,"comment_status":"closed","ping_status":"closed","sticky":false,"template":"","format":"standard","meta":{"footnotes":""},"categories":[2],"tags":[],"class_list":["post-23176","post","type-post","status-publish","format-standard","hentry","category-internacional"],"_links":{"self":[{"href":"https:\/\/informadorweb.com\/index.php?rest_route=\/wp\/v2\/posts\/23176","targetHints":{"allow":["GET"]}}],"collection":[{"href":"https:\/\/informadorweb.com\/index.php?rest_route=\/wp\/v2\/posts"}],"about":[{"href":"https:\/\/informadorweb.com\/index.php?rest_route=\/wp\/v2\/types\/post"}],"author":[{"embeddable":true,"href":"https:\/\/informadorweb.com\/index.php?rest_route=\/wp\/v2\/users\/1"}],"replies":[{"embeddable":true,"href":"https:\/\/informadorweb.com\/index.php?rest_route=%2Fwp%2Fv2%2Fcomments&post=23176"}],"version-history":[{"count":1,"href":"https:\/\/informadorweb.com\/index.php?rest_route=\/wp\/v2\/posts\/23176\/revisions"}],"predecessor-version":[{"id":23177,"href":"https:\/\/informadorweb.com\/index.php?rest_route=\/wp\/v2\/posts\/23176\/revisions\/23177"}],"wp:attachment":[{"href":"https:\/\/informadorweb.com\/index.php?rest_route=%2Fwp%2Fv2%2Fmedia&parent=23176"}],"wp:term":[{"taxonomy":"category","embeddable":true,"href":"https:\/\/informadorweb.com\/index.php?rest_route=%2Fwp%2Fv2%2Fcategories&post=23176"},{"taxonomy":"post_tag","embeddable":true,"href":"https:\/\/informadorweb.com\/index.php?rest_route=%2Fwp%2Fv2%2Ftags&post=23176"}],"curies":[{"name":"wp","href":"https:\/\/api.w.org\/{rel}","templated":true}]}}