{"id":23170,"date":"2026-03-10T10:30:06","date_gmt":"2026-03-10T16:30:06","guid":{"rendered":"https:\/\/informadorweb.com\/?p=23170"},"modified":"2026-03-10T16:30:07","modified_gmt":"2026-03-10T16:30:07","slug":"ampliacion-ataque-irani-con-misiles-cerca-de-tel-aviv-deja-un-muerto-y-dos-heridos","status":"publish","type":"post","link":"https:\/\/informadorweb.com\/?p=23170","title":{"rendered":"Ampliaci\u00f3n: Ataque iran\u00ed con misiles cerca de Tel Aviv deja un muerto y dos heridos"},"content":{"rendered":"<p>JERUSAL\u00c9N, 9 mar (Xinhua) &#8212; Un ataque con misiles, lanzado hoy lunes desde Ir\u00e1n, caus\u00f3 la muerte de un trabajador de la construcci\u00f3n en el centro de Israel, inform\u00f3 a Xinhua Zaki Heller, portavoz del servicio de emergencias israel\u00ed Magen David Adom. Con esta v\u00edctima mortal, el n\u00famero total de fallecidos en Israel desde el inicio del conflicto el 28 de febrero asciende a 11, seg\u00fan cifras oficiales israel\u00edes. Heller se\u00f1al\u00f3 que un segundo trabajador del mismo sitio de construcci\u00f3n en Yehud, al este de Tel Aviv, fue trasladado a un hospital en estado cr\u00edtico. Una tercera persona result\u00f3 gravemente herida en otro lugar. Yaron Schiff, comandante regional de las fuerzas de rescate, indic\u00f3 que los trabajadores se encontraban en un \u00e1rea sin protecci\u00f3n y fuera de un refugio reforzado cuando impact\u00f3 el proyectil. Fin<\/p>\n","protected":false},"excerpt":{"rendered":"<p>JERUSAL\u00c9N, 9 mar (Xinhua) &#8212; Un ataque con misiles, lanzado hoy lunes desde Ir\u00e1n, caus\u00f3&#8230;<\/p>\n","protected":false},"author":1,"featured_media":0,"comment_status":"closed","ping_status":"closed","sticky":false,"template":"","format":"standard","meta":{"footnotes":""},"categories":[2],"tags":[],"class_list":["post-23170","post","type-post","status-publish","format-standard","hentry","category-internacional"],"_links":{"self":[{"href":"https:\/\/informadorweb.com\/index.php?rest_route=\/wp\/v2\/posts\/23170","targetHints":{"allow":["GET"]}}],"collection":[{"href":"https:\/\/informadorweb.com\/index.php?rest_route=\/wp\/v2\/posts"}],"about":[{"href":"https:\/\/informadorweb.com\/index.php?rest_route=\/wp\/v2\/types\/post"}],"author":[{"embeddable":true,"href":"https:\/\/informadorweb.com\/index.php?rest_route=\/wp\/v2\/users\/1"}],"replies":[{"embeddable":true,"href":"https:\/\/informadorweb.com\/index.php?rest_route=%2Fwp%2Fv2%2Fcomments&post=23170"}],"version-history":[{"count":1,"href":"https:\/\/informadorweb.com\/index.php?rest_route=\/wp\/v2\/posts\/23170\/revisions"}],"predecessor-version":[{"id":23171,"href":"https:\/\/informadorweb.com\/index.php?rest_route=\/wp\/v2\/posts\/23170\/revisions\/23171"}],"wp:attachment":[{"href":"https:\/\/informadorweb.com\/index.php?rest_route=%2Fwp%2Fv2%2Fmedia&parent=23170"}],"wp:term":[{"taxonomy":"category","embeddable":true,"href":"https:\/\/informadorweb.com\/index.php?rest_route=%2Fwp%2Fv2%2Fcategories&post=23170"},{"taxonomy":"post_tag","embeddable":true,"href":"https:\/\/informadorweb.com\/index.php?rest_route=%2Fwp%2Fv2%2Ftags&post=23170"}],"curies":[{"name":"wp","href":"https:\/\/api.w.org\/{rel}","templated":true}]}}