{"id":23144,"date":"2026-03-10T10:22:40","date_gmt":"2026-03-10T16:22:40","guid":{"rendered":"https:\/\/informadorweb.com\/?p=23144"},"modified":"2026-03-10T16:22:41","modified_gmt":"2026-03-10T16:22:41","slug":"portavoz-chino-comenta-sobre-eleccion-de-nuevo-lider-supremo-de-iran","status":"publish","type":"post","link":"https:\/\/informadorweb.com\/?p=23144","title":{"rendered":"Portavoz chino comenta sobre elecci\u00f3n de nuevo l\u00edder supremo de Ir\u00e1n"},"content":{"rendered":"<p>BEIJING, 9 mar (Xinhua) &#8212; La elecci\u00f3n de Mojtaba Khamenei como el tercer l\u00edder supremo de Ir\u00e1n fue una decisi\u00f3n basada en la constituci\u00f3n del pa\u00eds, destac\u00f3 hoy lunes un portavoz del Ministerio de Relaciones Exteriores de China. El vocero de la canciller\u00eda Guo Jiakun hizo estas declaraciones en una rueda de prensa diaria en respuesta a una consulta relacionada, destacando que China ha tomado nota de los informes de los medios sobre este tema. La Asamblea de Expertos de Ir\u00e1n anunci\u00f3 el domingo que Mojtaba Khamenei hab\u00eda sido seleccionado como el nuevo l\u00edder supremo de Ir\u00e1n, seg\u00fan informes de los medios. Mojtaba Khamenei, nacido en 1969, es hijo del fallecido l\u00edder supremo de Ir\u00e1n, Ali Khamenei, quien muri\u00f3 en los ataques conjuntos de Estados Unidos e Israel contra Ir\u00e1n. Fin<\/p>\n","protected":false},"excerpt":{"rendered":"<p>BEIJING, 9 mar (Xinhua) &#8212; La elecci\u00f3n de Mojtaba Khamenei como el tercer l\u00edder supremo&#8230;<\/p>\n","protected":false},"author":1,"featured_media":0,"comment_status":"closed","ping_status":"closed","sticky":false,"template":"","format":"standard","meta":{"footnotes":""},"categories":[2],"tags":[],"class_list":["post-23144","post","type-post","status-publish","format-standard","hentry","category-internacional"],"_links":{"self":[{"href":"https:\/\/informadorweb.com\/index.php?rest_route=\/wp\/v2\/posts\/23144","targetHints":{"allow":["GET"]}}],"collection":[{"href":"https:\/\/informadorweb.com\/index.php?rest_route=\/wp\/v2\/posts"}],"about":[{"href":"https:\/\/informadorweb.com\/index.php?rest_route=\/wp\/v2\/types\/post"}],"author":[{"embeddable":true,"href":"https:\/\/informadorweb.com\/index.php?rest_route=\/wp\/v2\/users\/1"}],"replies":[{"embeddable":true,"href":"https:\/\/informadorweb.com\/index.php?rest_route=%2Fwp%2Fv2%2Fcomments&post=23144"}],"version-history":[{"count":1,"href":"https:\/\/informadorweb.com\/index.php?rest_route=\/wp\/v2\/posts\/23144\/revisions"}],"predecessor-version":[{"id":23145,"href":"https:\/\/informadorweb.com\/index.php?rest_route=\/wp\/v2\/posts\/23144\/revisions\/23145"}],"wp:attachment":[{"href":"https:\/\/informadorweb.com\/index.php?rest_route=%2Fwp%2Fv2%2Fmedia&parent=23144"}],"wp:term":[{"taxonomy":"category","embeddable":true,"href":"https:\/\/informadorweb.com\/index.php?rest_route=%2Fwp%2Fv2%2Fcategories&post=23144"},{"taxonomy":"post_tag","embeddable":true,"href":"https:\/\/informadorweb.com\/index.php?rest_route=%2Fwp%2Fv2%2Ftags&post=23144"}],"curies":[{"name":"wp","href":"https:\/\/api.w.org\/{rel}","templated":true}]}}