{"id":22306,"date":"2026-03-09T11:12:01","date_gmt":"2026-03-09T17:12:01","guid":{"rendered":"https:\/\/informadorweb.com\/?p=22306"},"modified":"2026-03-09T17:12:02","modified_gmt":"2026-03-09T17:12:02","slug":"republica-de-corea-y-ee-uu-inician-ejercicios-militares-conjuntos-aumentando-tensiones-regionales","status":"publish","type":"post","link":"https:\/\/informadorweb.com\/?p=22306","title":{"rendered":"Rep\u00fablica de Corea y EE. UU. inician ejercicios militares conjuntos aumentando tensiones regionales"},"content":{"rendered":"<p>SE\u00daL, 9 mar (Xinhua) &#8212; La Rep\u00fablica de Corea y Estados Unidos iniciaron hoy lunes ejercicios militares conjuntos, lo que aument\u00f3 las tensiones regionales en medio de las preocupaciones de los pa\u00edses vecinos. Escudo de la Libertad, el juego de guerra anual de primavera, se extender\u00e1 durante 11 d\u00edas hasta el 19 de marzo, seg\u00fan el Estado Mayor Conjunto de la Rep\u00fablica de Corea. Durante las maniobras, se realizar\u00e1n 22 ejercicios de entrenamiento de campo que implicar\u00e1n movimientos actuales de tropas. El n\u00famero de ejercicios de entrenamientos de campo fue reducido a menos de la mitad, comparado con las mismas maniobras en marzo de 2025, reflejando la decisi\u00f3n del Gobierno surcoreano de dispersar estas a lo largo de todo el a\u00f1o. Se\u00fal y Washington han insistido en que el simulacro conjunto es de naturaleza defensiva, pero la Rep\u00fablica Popular Democr\u00e1tica de Corea (RPDC) lo ha denunciado como un ensayo general para una invasi\u00f3n hacia el norte. Fin<\/p>\n","protected":false},"excerpt":{"rendered":"<p>SE\u00daL, 9 mar (Xinhua) &#8212; La Rep\u00fablica de Corea y Estados Unidos iniciaron hoy lunes&#8230;<\/p>\n","protected":false},"author":1,"featured_media":0,"comment_status":"closed","ping_status":"closed","sticky":false,"template":"","format":"standard","meta":{"footnotes":""},"categories":[2],"tags":[],"class_list":["post-22306","post","type-post","status-publish","format-standard","hentry","category-internacional"],"_links":{"self":[{"href":"https:\/\/informadorweb.com\/index.php?rest_route=\/wp\/v2\/posts\/22306","targetHints":{"allow":["GET"]}}],"collection":[{"href":"https:\/\/informadorweb.com\/index.php?rest_route=\/wp\/v2\/posts"}],"about":[{"href":"https:\/\/informadorweb.com\/index.php?rest_route=\/wp\/v2\/types\/post"}],"author":[{"embeddable":true,"href":"https:\/\/informadorweb.com\/index.php?rest_route=\/wp\/v2\/users\/1"}],"replies":[{"embeddable":true,"href":"https:\/\/informadorweb.com\/index.php?rest_route=%2Fwp%2Fv2%2Fcomments&post=22306"}],"version-history":[{"count":1,"href":"https:\/\/informadorweb.com\/index.php?rest_route=\/wp\/v2\/posts\/22306\/revisions"}],"predecessor-version":[{"id":22307,"href":"https:\/\/informadorweb.com\/index.php?rest_route=\/wp\/v2\/posts\/22306\/revisions\/22307"}],"wp:attachment":[{"href":"https:\/\/informadorweb.com\/index.php?rest_route=%2Fwp%2Fv2%2Fmedia&parent=22306"}],"wp:term":[{"taxonomy":"category","embeddable":true,"href":"https:\/\/informadorweb.com\/index.php?rest_route=%2Fwp%2Fv2%2Fcategories&post=22306"},{"taxonomy":"post_tag","embeddable":true,"href":"https:\/\/informadorweb.com\/index.php?rest_route=%2Fwp%2Fv2%2Ftags&post=22306"}],"curies":[{"name":"wp","href":"https:\/\/api.w.org\/{rel}","templated":true}]}}