{"id":22250,"date":"2026-03-09T10:44:22","date_gmt":"2026-03-09T16:44:22","guid":{"rendered":"https:\/\/informadorweb.com\/?p=22250"},"modified":"2026-03-09T16:44:23","modified_gmt":"2026-03-09T16:44:23","slug":"ipp-de-china-baja-09-en-febrero","status":"publish","type":"post","link":"https:\/\/informadorweb.com\/?p=22250","title":{"rendered":"IPP de China baja 0,9% en febrero"},"content":{"rendered":"<p>BEIJING, 9 mar (Xinhua) &#8212; El \u00edndice de precios al productor (IPP) de China, que mide los costos de los bienes a puerta de f\u00e1brica, se redujo un 0,9 por ciento interanual en febrero, inform\u00f3 hoy lunes el Bur\u00f3 Nacional de Estad\u00edsticas. Fin<\/p>\n","protected":false},"excerpt":{"rendered":"<p>BEIJING, 9 mar (Xinhua) &#8212; El \u00edndice de precios al productor (IPP) de China, que&#8230;<\/p>\n","protected":false},"author":1,"featured_media":0,"comment_status":"closed","ping_status":"closed","sticky":false,"template":"","format":"standard","meta":{"footnotes":""},"categories":[2],"tags":[],"class_list":["post-22250","post","type-post","status-publish","format-standard","hentry","category-internacional"],"_links":{"self":[{"href":"https:\/\/informadorweb.com\/index.php?rest_route=\/wp\/v2\/posts\/22250","targetHints":{"allow":["GET"]}}],"collection":[{"href":"https:\/\/informadorweb.com\/index.php?rest_route=\/wp\/v2\/posts"}],"about":[{"href":"https:\/\/informadorweb.com\/index.php?rest_route=\/wp\/v2\/types\/post"}],"author":[{"embeddable":true,"href":"https:\/\/informadorweb.com\/index.php?rest_route=\/wp\/v2\/users\/1"}],"replies":[{"embeddable":true,"href":"https:\/\/informadorweb.com\/index.php?rest_route=%2Fwp%2Fv2%2Fcomments&post=22250"}],"version-history":[{"count":1,"href":"https:\/\/informadorweb.com\/index.php?rest_route=\/wp\/v2\/posts\/22250\/revisions"}],"predecessor-version":[{"id":22251,"href":"https:\/\/informadorweb.com\/index.php?rest_route=\/wp\/v2\/posts\/22250\/revisions\/22251"}],"wp:attachment":[{"href":"https:\/\/informadorweb.com\/index.php?rest_route=%2Fwp%2Fv2%2Fmedia&parent=22250"}],"wp:term":[{"taxonomy":"category","embeddable":true,"href":"https:\/\/informadorweb.com\/index.php?rest_route=%2Fwp%2Fv2%2Fcategories&post=22250"},{"taxonomy":"post_tag","embeddable":true,"href":"https:\/\/informadorweb.com\/index.php?rest_route=%2Fwp%2Fv2%2Ftags&post=22250"}],"curies":[{"name":"wp","href":"https:\/\/api.w.org\/{rel}","templated":true}]}}