{"id":22196,"date":"2026-03-09T10:31:20","date_gmt":"2026-03-09T16:31:20","guid":{"rendered":"https:\/\/informadorweb.com\/?p=22196"},"modified":"2026-03-09T16:31:21","modified_gmt":"2026-03-09T16:31:21","slug":"presidente-colombiano-habla-con-lideres-de-medio-oriente-en-busqueda-de-la-paz","status":"publish","type":"post","link":"https:\/\/informadorweb.com\/?p=22196","title":{"rendered":"Presidente colombiano habla con l\u00edderes de Medio Oriente en b\u00fasqueda de la paz"},"content":{"rendered":"<p>BOGOT\u00c1, 8 mar (Xinhua) &#8212; El presidente de Colombia, Gustavo Petro, difundi\u00f3 hoy domingo que se ha comunicado con varios l\u00edderes de Medio Oriente para intentar mediar en la guerra desatada tras el ataque de Estados Unidos e Israel contra Ir\u00e1n. \u00abHe dialogado con los jefes de Estado de Jordania, L\u00edbano, Emiratos \u00c1rabes Unidos y Qatar. Trato de abrir sendas de paz\u00bb, escribi\u00f3 el mandatario colombiano en redes sociales. Petro ha criticado la participaci\u00f3n militar de Estados Unidos en Medio Oriente y ha pedido a su hom\u00f3logo estadounidense, Donald Trump, que ayude a buscar una soluci\u00f3n pac\u00edfica. Los ataques de Estados Unidos e Israel contra Ir\u00e1n iniciaron el 28 de febrero pasado y luego se confirm\u00f3 la muerte del ayatol\u00e1 Al\u00ed Jamene\u00ed, lo que desat\u00f3 una guerra en la regi\u00f3n que la Organizaci\u00f3n de las Naciones Unidas (ONU) ha calificado como \u00abemergencia de gran magnitud\u00bb, con saldo preliminar superior a 1.300 civiles muertos solo en Ir\u00e1n. Trump ha advertido que la guerra contra Ir\u00e1n puede alargarse semanas y que no aceptar\u00e1 ning\u00fan acuerdo que no sea una rendici\u00f3n total por parte de los nuevos l\u00edderes iran\u00edes. Ir\u00e1n, en tanto, ha calificado los ataques conjuntos de Estados Unidos e Israel contra la poblaci\u00f3n civil y contra la infraestructura energ\u00e9tica del pa\u00eds como \u00abcr\u00edmenes de guerra\u00bb y \u00abcontra la humanidad\u00bb. En respuesta, Ir\u00e1n ha bombardeado bases militares de Estados Unidos en diferentes pa\u00edses de Medio Oriente y este domingo advirti\u00f3 que si los ataques a la infraestructura energ\u00e9tica del pa\u00eds contin\u00faan, llevar\u00e1 a cabo una ofensiva similar a nivel regional. Fin<\/p>\n","protected":false},"excerpt":{"rendered":"<p>BOGOT\u00c1, 8 mar (Xinhua) &#8212; El presidente de Colombia, Gustavo Petro, difundi\u00f3 hoy domingo que&#8230;<\/p>\n","protected":false},"author":1,"featured_media":0,"comment_status":"closed","ping_status":"closed","sticky":false,"template":"","format":"standard","meta":{"footnotes":""},"categories":[2],"tags":[],"class_list":["post-22196","post","type-post","status-publish","format-standard","hentry","category-internacional"],"_links":{"self":[{"href":"https:\/\/informadorweb.com\/index.php?rest_route=\/wp\/v2\/posts\/22196","targetHints":{"allow":["GET"]}}],"collection":[{"href":"https:\/\/informadorweb.com\/index.php?rest_route=\/wp\/v2\/posts"}],"about":[{"href":"https:\/\/informadorweb.com\/index.php?rest_route=\/wp\/v2\/types\/post"}],"author":[{"embeddable":true,"href":"https:\/\/informadorweb.com\/index.php?rest_route=\/wp\/v2\/users\/1"}],"replies":[{"embeddable":true,"href":"https:\/\/informadorweb.com\/index.php?rest_route=%2Fwp%2Fv2%2Fcomments&post=22196"}],"version-history":[{"count":1,"href":"https:\/\/informadorweb.com\/index.php?rest_route=\/wp\/v2\/posts\/22196\/revisions"}],"predecessor-version":[{"id":22197,"href":"https:\/\/informadorweb.com\/index.php?rest_route=\/wp\/v2\/posts\/22196\/revisions\/22197"}],"wp:attachment":[{"href":"https:\/\/informadorweb.com\/index.php?rest_route=%2Fwp%2Fv2%2Fmedia&parent=22196"}],"wp:term":[{"taxonomy":"category","embeddable":true,"href":"https:\/\/informadorweb.com\/index.php?rest_route=%2Fwp%2Fv2%2Fcategories&post=22196"},{"taxonomy":"post_tag","embeddable":true,"href":"https:\/\/informadorweb.com\/index.php?rest_route=%2Fwp%2Fv2%2Ftags&post=22196"}],"curies":[{"name":"wp","href":"https:\/\/api.w.org\/{rel}","templated":true}]}}