{"id":22188,"date":"2026-03-09T10:29:28","date_gmt":"2026-03-09T16:29:28","guid":{"rendered":"https:\/\/informadorweb.com\/?p=22188"},"modified":"2026-03-09T16:29:30","modified_gmt":"2026-03-09T16:29:30","slug":"justicia-de-ecuador-dicta-prision-preventiva-contra-alcalde-de-guayaquil","status":"publish","type":"post","link":"https:\/\/informadorweb.com\/?p=22188","title":{"rendered":"Justicia de Ecuador dicta prisi\u00f3n preventiva contra alcalde de Guayaquil"},"content":{"rendered":"<p>QUITO, 8 mar (Xinhua) &#8212; Un Tribunal de Garant\u00edas Penales de Ecuador orden\u00f3 hoy prisi\u00f3n preventiva contra Aquiles \u00c1lvarez, alcalde de Guayaquil, la segunda ciudad m\u00e1s importante del pa\u00eds, como parte de una investigaci\u00f3n por presunta participaci\u00f3n en el delito de comercializaci\u00f3n ilegal de hidrocarburos, inform\u00f3 la Fiscal\u00eda General del Estado. El Ministerio P\u00fablico indic\u00f3 en su cuenta de la red social X que el Tribunal acogi\u00f3 el pedido de la Fiscal\u00eda, revoc\u00f3 las medidas alternativas emitidas en abril de 2025 y dict\u00f3 prisi\u00f3n preventiva contra el alcalde. El ente jur\u00eddico agreg\u00f3 que el Tribunal tambi\u00e9n acept\u00f3 los pedidos de otros dos procesados para cambiar la ciudad en la que deben realizar sus presentaciones peri\u00f3dicas. La Fiscal\u00eda precis\u00f3 que el juez ponente fundament\u00f3 la resoluci\u00f3n en los hechos presentados por la agente fiscal del caso, ya que el procesado manipul\u00f3 y retir\u00f3 el dispositivo de control electr\u00f3nico (grillete) que porta desde julio de 2025, con lo que contravino el compromiso que hab\u00eda asumido. La decisi\u00f3n del Tribunal se conoci\u00f3 tras una audiencia del caso denominado \u00abTriple A\u00bb, investigado desde 2024 por la Fiscal\u00eda y que destap\u00f3 una presunta red dedicada a la comercializaci\u00f3n, transporte y almacenamiento ilegal de combustibles subsidiados. Seg\u00fan el Ministerio P\u00fablico, el caso en el que est\u00e1n procesadas 22 personas involucra el presunto desv\u00edo de m\u00e1s de 22 millones de galones de combustible, lo que habr\u00eda ocasionado un perjuicio econ\u00f3mico de 61 millones de d\u00f3lares. La denuncia, presentada por el Gobierno, se centra en dos empresas cuyos accionistas incluyen a \u00c1lvarez y a dos de sus hermanos. El alcalde de Guayaquil est\u00e1 detenido desde el 10 de febrero pasado por el caso denominado \u00abGoleada\u00bb, relacionado con el presunto delito de delincuencia organizada con fines de lavado de activos y defraudaci\u00f3n tributaria. El funcionario permanece detenido en la c\u00e1rcel de Cotopaxi, ubicada en la provincia del mismo nombre, en la sierra central del pa\u00eds. Fin<\/p>\n","protected":false},"excerpt":{"rendered":"<p>QUITO, 8 mar (Xinhua) &#8212; Un Tribunal de Garant\u00edas Penales de Ecuador orden\u00f3 hoy prisi\u00f3n&#8230;<\/p>\n","protected":false},"author":1,"featured_media":0,"comment_status":"closed","ping_status":"closed","sticky":false,"template":"","format":"standard","meta":{"footnotes":""},"categories":[2],"tags":[],"class_list":["post-22188","post","type-post","status-publish","format-standard","hentry","category-internacional"],"_links":{"self":[{"href":"https:\/\/informadorweb.com\/index.php?rest_route=\/wp\/v2\/posts\/22188","targetHints":{"allow":["GET"]}}],"collection":[{"href":"https:\/\/informadorweb.com\/index.php?rest_route=\/wp\/v2\/posts"}],"about":[{"href":"https:\/\/informadorweb.com\/index.php?rest_route=\/wp\/v2\/types\/post"}],"author":[{"embeddable":true,"href":"https:\/\/informadorweb.com\/index.php?rest_route=\/wp\/v2\/users\/1"}],"replies":[{"embeddable":true,"href":"https:\/\/informadorweb.com\/index.php?rest_route=%2Fwp%2Fv2%2Fcomments&post=22188"}],"version-history":[{"count":1,"href":"https:\/\/informadorweb.com\/index.php?rest_route=\/wp\/v2\/posts\/22188\/revisions"}],"predecessor-version":[{"id":22189,"href":"https:\/\/informadorweb.com\/index.php?rest_route=\/wp\/v2\/posts\/22188\/revisions\/22189"}],"wp:attachment":[{"href":"https:\/\/informadorweb.com\/index.php?rest_route=%2Fwp%2Fv2%2Fmedia&parent=22188"}],"wp:term":[{"taxonomy":"category","embeddable":true,"href":"https:\/\/informadorweb.com\/index.php?rest_route=%2Fwp%2Fv2%2Fcategories&post=22188"},{"taxonomy":"post_tag","embeddable":true,"href":"https:\/\/informadorweb.com\/index.php?rest_route=%2Fwp%2Fv2%2Ftags&post=22188"}],"curies":[{"name":"wp","href":"https:\/\/api.w.org\/{rel}","templated":true}]}}