{"id":22170,"date":"2026-03-09T10:24:01","date_gmt":"2026-03-09T16:24:01","guid":{"rendered":"https:\/\/informadorweb.com\/?p=22170"},"modified":"2026-03-09T16:24:03","modified_gmt":"2026-03-09T16:24:03","slug":"macron-pide-solucion-diplomatica-ante-tensiones-por-iran","status":"publish","type":"post","link":"https:\/\/informadorweb.com\/?p=22170","title":{"rendered":"Macron pide soluci\u00f3n diplom\u00e1tica ante tensiones por Ir\u00e1n"},"content":{"rendered":"<p>PAR\u00cdS, 8 mar (Xinhua) &#8212; El presidente de Francia, Emmanuel Macron, dijo hoy que una soluci\u00f3n diplom\u00e1tica es \u00abm\u00e1s necesaria que nunca\u00bb para poner fin a la escalada y mantener la paz. Macron hizo los comentarios en una publicaci\u00f3n en la red social X despu\u00e9s de conversar por tel\u00e9fono con el presidente de Ir\u00e1n, Masoud Pezeshkian. En la publicaci\u00f3n, Macron dijo que ha reiterado la gran preocupaci\u00f3n de Francia por el desarrollo de los programas nuclear y bal\u00edstico de Ir\u00e1n, as\u00ed como por todas sus actividades desestabilizadoras en la regi\u00f3n. Macron tambi\u00e9n pidi\u00f3 a Ir\u00e1n que garantice la libertad de navegaci\u00f3n poniendo fin al cierre de facto del estrecho de Ormuz. El canal de noticias franc\u00e9s BFMTV inform\u00f3 que Macron tambi\u00e9n sostuvo hoy una conversaci\u00f3n telef\u00f3nica con el presidente de Estados Unidos, Donald Trump. No se han revelado hasta ahora detalles de esta conversaci\u00f3n. Fin<\/p>\n","protected":false},"excerpt":{"rendered":"<p>PAR\u00cdS, 8 mar (Xinhua) &#8212; El presidente de Francia, Emmanuel Macron, dijo hoy que una&#8230;<\/p>\n","protected":false},"author":1,"featured_media":0,"comment_status":"closed","ping_status":"closed","sticky":false,"template":"","format":"standard","meta":{"footnotes":""},"categories":[2],"tags":[],"class_list":["post-22170","post","type-post","status-publish","format-standard","hentry","category-internacional"],"_links":{"self":[{"href":"https:\/\/informadorweb.com\/index.php?rest_route=\/wp\/v2\/posts\/22170","targetHints":{"allow":["GET"]}}],"collection":[{"href":"https:\/\/informadorweb.com\/index.php?rest_route=\/wp\/v2\/posts"}],"about":[{"href":"https:\/\/informadorweb.com\/index.php?rest_route=\/wp\/v2\/types\/post"}],"author":[{"embeddable":true,"href":"https:\/\/informadorweb.com\/index.php?rest_route=\/wp\/v2\/users\/1"}],"replies":[{"embeddable":true,"href":"https:\/\/informadorweb.com\/index.php?rest_route=%2Fwp%2Fv2%2Fcomments&post=22170"}],"version-history":[{"count":1,"href":"https:\/\/informadorweb.com\/index.php?rest_route=\/wp\/v2\/posts\/22170\/revisions"}],"predecessor-version":[{"id":22171,"href":"https:\/\/informadorweb.com\/index.php?rest_route=\/wp\/v2\/posts\/22170\/revisions\/22171"}],"wp:attachment":[{"href":"https:\/\/informadorweb.com\/index.php?rest_route=%2Fwp%2Fv2%2Fmedia&parent=22170"}],"wp:term":[{"taxonomy":"category","embeddable":true,"href":"https:\/\/informadorweb.com\/index.php?rest_route=%2Fwp%2Fv2%2Fcategories&post=22170"},{"taxonomy":"post_tag","embeddable":true,"href":"https:\/\/informadorweb.com\/index.php?rest_route=%2Fwp%2Fv2%2Ftags&post=22170"}],"curies":[{"name":"wp","href":"https:\/\/api.w.org\/{rel}","templated":true}]}}