{"id":22168,"date":"2026-03-09T10:23:28","date_gmt":"2026-03-09T16:23:28","guid":{"rendered":"https:\/\/informadorweb.com\/?p=22168"},"modified":"2026-03-09T16:23:29","modified_gmt":"2026-03-09T16:23:29","slug":"jefe-de-liga-arabe-condena-ataques-iranies-contra-paises-arabes-y-los-llama-error-estrategico","status":"publish","type":"post","link":"https:\/\/informadorweb.com\/?p=22168","title":{"rendered":"Jefe de Liga \u00c1rabe condena ataques iran\u00edes contra pa\u00edses \u00e1rabes y los llama \u00aberror estrat\u00e9gico\u00bb"},"content":{"rendered":"<p>EL CAIRO, 8 mar (Xinhua) &#8212; El secretario general de la Liga \u00c1rabe, Ahmed Aboul-Gheit, conden\u00f3 hoy domingo los ataques iran\u00edes contra pa\u00edses \u00e1rabes y los calific\u00f3 de un enorme \u00aberror estrat\u00e9gico\u00bb, advirtiendo que amenazan la seguridad nacional \u00e1rabe y violan el derecho internacional. En una reuni\u00f3n ministerial extraordinaria del Consejo de la Liga \u00c1rabe, Aboul-Gheit dijo que \u00abesta agresi\u00f3n iran\u00ed injustificada refleja confusi\u00f3n en la percepci\u00f3n\u00bb, e inst\u00f3 a Ir\u00e1n a reconsiderar sus pol\u00edticas y detener los ataques a los territorios \u00e1rabes de inmediato. \u00abLos \u00e1rabes hablan con una sola voz y se unen para condenar y rechazar cualquier ataque contra cualquier Estado \u00e1rabe, cualquier violaci\u00f3n de su soberan\u00eda o cualquier amenaza a la seguridad de sus territorios y espacio a\u00e9reo\u00bb, enfatiz\u00f3. Aboul-Gheit enfatiz\u00f3 que los Estados \u00e1rabes no son parte del conflicto en curso y han rechazado el uso de sus territorios y espacio a\u00e9reo para operaciones militares. Se\u00f1al\u00f3 que varios pa\u00edses \u00e1rabes, entre ellos Om\u00e1n, Egipto y Qatar, han realizado importantes esfuerzos diplom\u00e1ticos para prevenir el estallido de la guerra en la regi\u00f3n. Tambi\u00e9n reafirm\u00f3 la solidaridad con los pa\u00edses \u00e1rabes objeto de los ataques y subray\u00f3 la necesidad de volver al di\u00e1logo y a la diplomacia para resolver las crisis regionales y evitar una mayor escalada. El jefe de la Liga \u00c1rabe dijo lo anterior en medio de un aumento de las tensiones regionales tras los ataques conjuntos de Estados Unidos e Israel contra Ir\u00e1n que comenzaron el 28 de febrero, a los que Ir\u00e1n respondi\u00f3 con ataques con misiles y drones contra Israel y activos estadounidenses en todo Medio Oriente. Fin<\/p>\n","protected":false},"excerpt":{"rendered":"<p>EL CAIRO, 8 mar (Xinhua) &#8212; El secretario general de la Liga \u00c1rabe, Ahmed Aboul-Gheit,&#8230;<\/p>\n","protected":false},"author":1,"featured_media":0,"comment_status":"closed","ping_status":"closed","sticky":false,"template":"","format":"standard","meta":{"footnotes":""},"categories":[2],"tags":[],"class_list":["post-22168","post","type-post","status-publish","format-standard","hentry","category-internacional"],"_links":{"self":[{"href":"https:\/\/informadorweb.com\/index.php?rest_route=\/wp\/v2\/posts\/22168","targetHints":{"allow":["GET"]}}],"collection":[{"href":"https:\/\/informadorweb.com\/index.php?rest_route=\/wp\/v2\/posts"}],"about":[{"href":"https:\/\/informadorweb.com\/index.php?rest_route=\/wp\/v2\/types\/post"}],"author":[{"embeddable":true,"href":"https:\/\/informadorweb.com\/index.php?rest_route=\/wp\/v2\/users\/1"}],"replies":[{"embeddable":true,"href":"https:\/\/informadorweb.com\/index.php?rest_route=%2Fwp%2Fv2%2Fcomments&post=22168"}],"version-history":[{"count":1,"href":"https:\/\/informadorweb.com\/index.php?rest_route=\/wp\/v2\/posts\/22168\/revisions"}],"predecessor-version":[{"id":22169,"href":"https:\/\/informadorweb.com\/index.php?rest_route=\/wp\/v2\/posts\/22168\/revisions\/22169"}],"wp:attachment":[{"href":"https:\/\/informadorweb.com\/index.php?rest_route=%2Fwp%2Fv2%2Fmedia&parent=22168"}],"wp:term":[{"taxonomy":"category","embeddable":true,"href":"https:\/\/informadorweb.com\/index.php?rest_route=%2Fwp%2Fv2%2Fcategories&post=22168"},{"taxonomy":"post_tag","embeddable":true,"href":"https:\/\/informadorweb.com\/index.php?rest_route=%2Fwp%2Fv2%2Ftags&post=22168"}],"curies":[{"name":"wp","href":"https:\/\/api.w.org\/{rel}","templated":true}]}}