{"id":22154,"date":"2026-03-09T10:12:36","date_gmt":"2026-03-09T16:12:36","guid":{"rendered":"https:\/\/informadorweb.com\/?p=22154"},"modified":"2026-03-09T16:12:39","modified_gmt":"2026-03-09T16:12:39","slug":"trump-dice-que-nuevo-lider-supremo-de-iran-no-durara-mucho-sin-su-aprobacion","status":"publish","type":"post","link":"https:\/\/informadorweb.com\/?p=22154","title":{"rendered":"Trump dice que nuevo l\u00edder supremo de Ir\u00e1n no \u00abdurar\u00e1 mucho\u00bb sin su aprobaci\u00f3n"},"content":{"rendered":"<p>WASHINGTON, 8 mar (Xinhua) &#8212; El presidente de Estados Unidos, Donald Trump, amenaz\u00f3 hoy domingo con que el nuevo l\u00edder supremo de Ir\u00e1n \u00abno va a durar mucho\u00bb sin su aprobaci\u00f3n. \u00abVa a tener que recibir la aprobaci\u00f3n de nosotros\u00bb, dijo Trump en una entrevista con ABC News. \u00abSi no obtiene la aprobaci\u00f3n de nosotros, no va a durar mucho\u00bb. \u00abNo quiero que la gente tenga que regresar en cinco a\u00f1os y tener que hacer lo mismo de nuevo o, peor a\u00fan, permitirles que tengan un arma nuclear\u00bb, afirm\u00f3. La Asamblea de Expertos de Ir\u00e1n ha finalizado una decisi\u00f3n sobre su nuevo l\u00edder supremo, inform\u00f3 hoy la agencia semioficial de noticias Mehr. Trump indic\u00f3 previamente que debe estar involucrado personalmente en la selecci\u00f3n del pr\u00f3ximo l\u00edder de Ir\u00e1n. El 28 de febrero, Israel y Estados Unidos lanzaron ataques conjuntos contra Teher\u00e1n y varias ciudades iran\u00edes m\u00e1s, durante los cuales mataron al l\u00edder supremo iran\u00ed, Ali Khamenei, a decenas de altos funcionarios y comandantes militares, as\u00ed como a cientos de civiles. Fin<\/p>\n","protected":false},"excerpt":{"rendered":"<p>WASHINGTON, 8 mar (Xinhua) &#8212; El presidente de Estados Unidos, Donald Trump, amenaz\u00f3 hoy domingo&#8230;<\/p>\n","protected":false},"author":1,"featured_media":0,"comment_status":"closed","ping_status":"closed","sticky":false,"template":"","format":"standard","meta":{"footnotes":""},"categories":[2],"tags":[],"class_list":["post-22154","post","type-post","status-publish","format-standard","hentry","category-internacional"],"_links":{"self":[{"href":"https:\/\/informadorweb.com\/index.php?rest_route=\/wp\/v2\/posts\/22154","targetHints":{"allow":["GET"]}}],"collection":[{"href":"https:\/\/informadorweb.com\/index.php?rest_route=\/wp\/v2\/posts"}],"about":[{"href":"https:\/\/informadorweb.com\/index.php?rest_route=\/wp\/v2\/types\/post"}],"author":[{"embeddable":true,"href":"https:\/\/informadorweb.com\/index.php?rest_route=\/wp\/v2\/users\/1"}],"replies":[{"embeddable":true,"href":"https:\/\/informadorweb.com\/index.php?rest_route=%2Fwp%2Fv2%2Fcomments&post=22154"}],"version-history":[{"count":1,"href":"https:\/\/informadorweb.com\/index.php?rest_route=\/wp\/v2\/posts\/22154\/revisions"}],"predecessor-version":[{"id":22155,"href":"https:\/\/informadorweb.com\/index.php?rest_route=\/wp\/v2\/posts\/22154\/revisions\/22155"}],"wp:attachment":[{"href":"https:\/\/informadorweb.com\/index.php?rest_route=%2Fwp%2Fv2%2Fmedia&parent=22154"}],"wp:term":[{"taxonomy":"category","embeddable":true,"href":"https:\/\/informadorweb.com\/index.php?rest_route=%2Fwp%2Fv2%2Fcategories&post=22154"},{"taxonomy":"post_tag","embeddable":true,"href":"https:\/\/informadorweb.com\/index.php?rest_route=%2Fwp%2Fv2%2Ftags&post=22154"}],"curies":[{"name":"wp","href":"https:\/\/api.w.org\/{rel}","templated":true}]}}