{"id":22126,"date":"2026-03-09T09:31:28","date_gmt":"2026-03-09T15:31:28","guid":{"rendered":"https:\/\/informadorweb.com\/?p=22126"},"modified":"2026-03-09T15:31:43","modified_gmt":"2026-03-09T15:31:43","slug":"ampliacion-sur-global-es-fuerza-motriz-clave-en-la-promocion-de-un-mundo-multipolar-afirma-canciller-chino","status":"publish","type":"post","link":"https:\/\/informadorweb.com\/?p=22126","title":{"rendered":"Ampliaci\u00f3n: Sur Global es fuerza motriz clave en la promoci\u00f3n de un mundo multipolar, afirma canciller chino"},"content":{"rendered":"<p>BEIJING, 8 mar (Xinhua) &#8212; El Sur Global se ha convertido en una fuerza motriz clave en la promoci\u00f3n de un mundo multipolar, dijo hoy domingo el ministro de Relaciones Exteriores chino, Wang Yi. El ascenso colectivo del Sur Global es el sello distintivo de la gran transformaci\u00f3n que se est\u00e1 produciendo en el mundo, ya que su participaci\u00f3n en la econom\u00eda mundial ha crecido del 24 por ciento a m\u00e1s del 40 por ciento en los \u00faltimos 40 a\u00f1os, declar\u00f3 Wang en una rueda de prensa celebrada en el marco de la sesi\u00f3n en curso del \u00f3rgano legislativo nacional. En momentos en que el hegemonismo y la pol\u00edtica de poder se est\u00e1n imponiendo y asestando un duro golpe al orden internacional, los pa\u00edses del Sur Global deben aumentar la comunicaci\u00f3n y la coordinaci\u00f3n, defender conjuntamente sus derechos e intereses leg\u00edtimos, y trabajar juntos con el fin de ampliar el espacio para el desarrollo independiente, afirm\u00f3 Wang. Igualmente, se\u00f1al\u00f3 que el Sur Global es una fuerza emergente y positiva para el bien en la escena internacional. \u00abEn un mundo cambiante y m\u00e1s turbulento, debemos forjar mayor confianza y unidad, unirnos y defender conjuntamente la paz, el desarrollo, la cooperaci\u00f3n y los resultados beneficiosos para todos\u00bb, manifest\u00f3 el canciller chino. \u00abEl coraz\u00f3n de China est\u00e1 con el Sur Global y las ra\u00edces de China est\u00e1n en el Sur Global\u00bb, sostuvo Wang y expres\u00f3 la disposici\u00f3n del pa\u00eds asi\u00e1tico para unir fuerzas con otros pa\u00edses del Sur Global en el camino hacia la modernizaci\u00f3n y la construcci\u00f3n de una comunidad con un futuro compartido para la humanidad. Fin<\/p>\n","protected":false},"excerpt":{"rendered":"<p>BEIJING, 8 mar (Xinhua) &#8212; El Sur Global se ha convertido en una fuerza motriz&#8230;<\/p>\n","protected":false},"author":1,"featured_media":0,"comment_status":"closed","ping_status":"closed","sticky":false,"template":"","format":"standard","meta":{"footnotes":""},"categories":[2],"tags":[],"class_list":["post-22126","post","type-post","status-publish","format-standard","hentry","category-internacional"],"_links":{"self":[{"href":"https:\/\/informadorweb.com\/index.php?rest_route=\/wp\/v2\/posts\/22126","targetHints":{"allow":["GET"]}}],"collection":[{"href":"https:\/\/informadorweb.com\/index.php?rest_route=\/wp\/v2\/posts"}],"about":[{"href":"https:\/\/informadorweb.com\/index.php?rest_route=\/wp\/v2\/types\/post"}],"author":[{"embeddable":true,"href":"https:\/\/informadorweb.com\/index.php?rest_route=\/wp\/v2\/users\/1"}],"replies":[{"embeddable":true,"href":"https:\/\/informadorweb.com\/index.php?rest_route=%2Fwp%2Fv2%2Fcomments&post=22126"}],"version-history":[{"count":1,"href":"https:\/\/informadorweb.com\/index.php?rest_route=\/wp\/v2\/posts\/22126\/revisions"}],"predecessor-version":[{"id":22127,"href":"https:\/\/informadorweb.com\/index.php?rest_route=\/wp\/v2\/posts\/22126\/revisions\/22127"}],"wp:attachment":[{"href":"https:\/\/informadorweb.com\/index.php?rest_route=%2Fwp%2Fv2%2Fmedia&parent=22126"}],"wp:term":[{"taxonomy":"category","embeddable":true,"href":"https:\/\/informadorweb.com\/index.php?rest_route=%2Fwp%2Fv2%2Fcategories&post=22126"},{"taxonomy":"post_tag","embeddable":true,"href":"https:\/\/informadorweb.com\/index.php?rest_route=%2Fwp%2Fv2%2Ftags&post=22126"}],"curies":[{"name":"wp","href":"https:\/\/api.w.org\/{rel}","templated":true}]}}