{"id":22120,"date":"2026-03-09T09:28:27","date_gmt":"2026-03-09T15:28:27","guid":{"rendered":"https:\/\/informadorweb.com\/?p=22120"},"modified":"2026-03-09T15:28:28","modified_gmt":"2026-03-09T15:28:28","slug":"presidente-de-iran-dice-que-el-pais-no-permitira-que-los-enemigos-se-apoderen-de-su-territorio","status":"publish","type":"post","link":"https:\/\/informadorweb.com\/?p=22120","title":{"rendered":"Presidente de Ir\u00e1n dice que el pa\u00eds no permitir\u00e1 que los \u00abenemigos\u00bb se apoderen de su territorio"},"content":{"rendered":"<div class=\"el-scrollbar__wrap\">\n<div class=\"el-scrollbar__view\">\n<div class=\"news-content\" data-v-e79c3ee4=\"\">TEHER\u00c1N, 8 mar (Xinhua) &#8212; El presidente de Ir\u00e1n, Masoud Pezeshkian, dijo hoy domingo que los iran\u00edes no permitir\u00e1n que los \u00abenemigos\u00bb se apoderen de una sola pulgada del territorio del pa\u00eds, inform\u00f3 la agencia oficial de noticias de la Rep\u00fablica Isl\u00e1mica. Pezeshkian hizo las declaraciones durante una reuni\u00f3n con el ministro de Salud, Mohammad-Reza Zafarghandi, en Teher\u00e1n, mientras esbozaba la posici\u00f3n de Ir\u00e1n sobre los actuales ataques estadounidenses e israel\u00edes. Refiri\u00e9ndose a sus comentarios del s\u00e1bado en los que se disculp\u00f3 con los pa\u00edses vecinos y dijo que los ataques contra ellos cesar\u00edan, Pezeshkian dijo que los \u00abenemigos\u00bb hab\u00edan malinterpretado sus comentarios y estaban buscando sembrar la discordia entre Ir\u00e1n y sus vecinos. Destac\u00f3 que Ir\u00e1n ha enfatizado sus \u00abbuenas y fraternales\u00bb relaciones con los pa\u00edses vecinos y agreg\u00f3 que si Estados Unidos o Israel lanzan ataques contra Ir\u00e1n desde el territorio de otros Estados, Ir\u00e1n inevitablemente responder\u00eda, pero tal respuesta no significar\u00eda que Ir\u00e1n tenga disputas con esos pa\u00edses o su pueblo. \u00abEstamos preocupados por los queridos pueblos que han sido afectados por las tensiones regionales, y les pedimos disculpas\u00bb, dijo Pezeshkian. Agreg\u00f3 que a pesar de los desaf\u00edos actuales que enfrenta el pa\u00eds, los iran\u00edes se opondr\u00e1n a sus enemigos y \u00abno les permitir\u00e1n apoderarse ni de una pulgada del suelo de nuestro pa\u00eds\u00bb. El 28 de febrero, Israel y Estados Unidos lanzaron ataques conjuntos contra Teher\u00e1n y varias otras ciudades iran\u00edes, matando al l\u00edder supremo de Ir\u00e1n, Ali Jamene\u00ed, junto con varios comandantes militares de alto rango y civiles. M\u00e1s tarde Ir\u00e1n lanz\u00f3 m\u00faltiples olas de ataques con misiles y drones contra bases israel\u00edes y estadounidenses en el Medio Oriente. El conflicto ha tenido repercusiones regionales m\u00e1s amplias, lo que ha suscitado preocupaci\u00f3n por las perturbaciones en las exportaciones de petr\u00f3leo y los mercados energ\u00e9ticos mundiales. En una publicaci\u00f3n en X el domingo, el presidente del Parlamento de Ir\u00e1n, Mohammad Bagher Ghalibaf, advirti\u00f3 que la continuaci\u00f3n de la guerra podr\u00eda interrumpir severamente la producci\u00f3n y exportaci\u00f3n de petr\u00f3leo en la regi\u00f3n de Asia Occidental. Tambi\u00e9n critic\u00f3 los comentarios del presidente de Estados Unidos, Donald Trump, de que los precios del petr\u00f3leo no aumentar\u00edan de un momento a otro, y dijo que el actual aumento de los precios contradice las afirmaciones del gobernante estadounidense. Ghalibaf agreg\u00f3 que si la guerra contin\u00faa, las exportaciones y la producci\u00f3n de petr\u00f3leo en la regi\u00f3n podr\u00edan verse gravemente afectadas, advirti\u00f3 que no s\u00f3lo los intereses de Estados Unidos, sino tambi\u00e9n los de otros pa\u00edses podr\u00edan verse perjudicados por lo que llam\u00f3 los \u00abenga\u00f1os \u00abdel primer ministro israel\u00ed, Benjamin Netanyahu. Fin<\/div>\n<\/div>\n<\/div>\n<div class=\"el-scrollbar__bar is-horizontal\"><\/div>\n","protected":false},"excerpt":{"rendered":"<p>TEHER\u00c1N, 8 mar (Xinhua) &#8212; El presidente de Ir\u00e1n, Masoud Pezeshkian, dijo hoy domingo que&#8230;<\/p>\n","protected":false},"author":1,"featured_media":0,"comment_status":"closed","ping_status":"closed","sticky":false,"template":"","format":"standard","meta":{"footnotes":""},"categories":[2],"tags":[],"class_list":["post-22120","post","type-post","status-publish","format-standard","hentry","category-internacional"],"_links":{"self":[{"href":"https:\/\/informadorweb.com\/index.php?rest_route=\/wp\/v2\/posts\/22120","targetHints":{"allow":["GET"]}}],"collection":[{"href":"https:\/\/informadorweb.com\/index.php?rest_route=\/wp\/v2\/posts"}],"about":[{"href":"https:\/\/informadorweb.com\/index.php?rest_route=\/wp\/v2\/types\/post"}],"author":[{"embeddable":true,"href":"https:\/\/informadorweb.com\/index.php?rest_route=\/wp\/v2\/users\/1"}],"replies":[{"embeddable":true,"href":"https:\/\/informadorweb.com\/index.php?rest_route=%2Fwp%2Fv2%2Fcomments&post=22120"}],"version-history":[{"count":1,"href":"https:\/\/informadorweb.com\/index.php?rest_route=\/wp\/v2\/posts\/22120\/revisions"}],"predecessor-version":[{"id":22121,"href":"https:\/\/informadorweb.com\/index.php?rest_route=\/wp\/v2\/posts\/22120\/revisions\/22121"}],"wp:attachment":[{"href":"https:\/\/informadorweb.com\/index.php?rest_route=%2Fwp%2Fv2%2Fmedia&parent=22120"}],"wp:term":[{"taxonomy":"category","embeddable":true,"href":"https:\/\/informadorweb.com\/index.php?rest_route=%2Fwp%2Fv2%2Fcategories&post=22120"},{"taxonomy":"post_tag","embeddable":true,"href":"https:\/\/informadorweb.com\/index.php?rest_route=%2Fwp%2Fv2%2Ftags&post=22120"}],"curies":[{"name":"wp","href":"https:\/\/api.w.org\/{rel}","templated":true}]}}