{"id":22118,"date":"2026-03-09T09:27:43","date_gmt":"2026-03-09T15:27:43","guid":{"rendered":"https:\/\/informadorweb.com\/?p=22118"},"modified":"2026-03-09T15:27:44","modified_gmt":"2026-03-09T15:27:44","slug":"ampliacion-china-llama-a-convertir-vision-de-comunidad-asia-pacifico-en-realidad-segun-canciller","status":"publish","type":"post","link":"https:\/\/informadorweb.com\/?p=22118","title":{"rendered":"Ampliaci\u00f3n: China llama a convertir visi\u00f3n de comunidad Asia-Pac\u00edfico en realidad, seg\u00fan canciller"},"content":{"rendered":"<p>BEIJING, 8 mar (Xinhua) &#8212; China trabajar\u00e1 con el objetivo de convertir la visi\u00f3n y el proyecto de construcci\u00f3n de una comunidad Asia-Pac\u00edfico en acciones y realidad, declar\u00f3 hoy domingo el ministro de Relaciones Exteriores de China, Wang Yi. La reuni\u00f3n de APEC de 2026, que se celebrar\u00e1 en la ciudad china de Shenzhen, se centrar\u00e1 en las tres prioridades de apertura, innovaci\u00f3n y cooperaci\u00f3n y, una vez m\u00e1s, trazar\u00e1 el rumbo y reunir\u00e1 fuerzas para la cooperaci\u00f3n Asia-Pac\u00edfico en un momento decisivo, afirm\u00f3 Wang en una rueda de prensa al margen de la sesi\u00f3n en curso del \u00f3rgano legislativo nacional. La 33\u00aa Reuni\u00f3n de L\u00edderes Econ\u00f3micos del Foro de Cooperaci\u00f3n Econ\u00f3mica Asia-Pac\u00edfico (APEC, siglas en ingl\u00e9s) se celebrar\u00e1 en Shenzhen en noviembre. Esta ser\u00e1 la tercera vez que China acoja el evento, tras Shanghai en 2001 y Beijing en 2014. Tras se\u00f1alar que han pasado d\u00e9cadas desde que se plante\u00f3 por primera vez el concepto de comunidad Asia-Pac\u00edfico, Wang afirm\u00f3 que la idea no debe quedarse en el papel ni seguir siendo solo una visi\u00f3n. En ese sentido, hizo un llamado para alcanzar un amplio consenso, establecer prioridades claras y medidas viables en la reuni\u00f3n de APEC de Shenzhen. China armonizar\u00e1 diferentes v\u00edas hacia la Zona de Libre Comercio de Asia-Pac\u00edfico, tomar\u00e1 las medidas adecuadas para la conectividad regional y promover\u00e1 en\u00e9rgicamente la transformaci\u00f3n hacia un desarrollo digital, inteligente y ecol\u00f3gico, seg\u00fan Wang. China est\u00e1 dispuesta a promover un reinicio a partir de la cita de APEC en Shenzhen hacia el objetivo de la comunidad Asia-Pac\u00edfico, resalt\u00f3 el canciller. Fin<\/p>\n","protected":false},"excerpt":{"rendered":"<p>BEIJING, 8 mar (Xinhua) &#8212; China trabajar\u00e1 con el objetivo de convertir la visi\u00f3n y&#8230;<\/p>\n","protected":false},"author":1,"featured_media":0,"comment_status":"closed","ping_status":"closed","sticky":false,"template":"","format":"standard","meta":{"footnotes":""},"categories":[2],"tags":[],"class_list":["post-22118","post","type-post","status-publish","format-standard","hentry","category-internacional"],"_links":{"self":[{"href":"https:\/\/informadorweb.com\/index.php?rest_route=\/wp\/v2\/posts\/22118","targetHints":{"allow":["GET"]}}],"collection":[{"href":"https:\/\/informadorweb.com\/index.php?rest_route=\/wp\/v2\/posts"}],"about":[{"href":"https:\/\/informadorweb.com\/index.php?rest_route=\/wp\/v2\/types\/post"}],"author":[{"embeddable":true,"href":"https:\/\/informadorweb.com\/index.php?rest_route=\/wp\/v2\/users\/1"}],"replies":[{"embeddable":true,"href":"https:\/\/informadorweb.com\/index.php?rest_route=%2Fwp%2Fv2%2Fcomments&post=22118"}],"version-history":[{"count":1,"href":"https:\/\/informadorweb.com\/index.php?rest_route=\/wp\/v2\/posts\/22118\/revisions"}],"predecessor-version":[{"id":22119,"href":"https:\/\/informadorweb.com\/index.php?rest_route=\/wp\/v2\/posts\/22118\/revisions\/22119"}],"wp:attachment":[{"href":"https:\/\/informadorweb.com\/index.php?rest_route=%2Fwp%2Fv2%2Fmedia&parent=22118"}],"wp:term":[{"taxonomy":"category","embeddable":true,"href":"https:\/\/informadorweb.com\/index.php?rest_route=%2Fwp%2Fv2%2Fcategories&post=22118"},{"taxonomy":"post_tag","embeddable":true,"href":"https:\/\/informadorweb.com\/index.php?rest_route=%2Fwp%2Fv2%2Ftags&post=22118"}],"curies":[{"name":"wp","href":"https:\/\/api.w.org\/{rel}","templated":true}]}}