{"id":22082,"date":"2026-03-09T08:59:25","date_gmt":"2026-03-09T14:59:25","guid":{"rendered":"https:\/\/informadorweb.com\/?p=22082"},"modified":"2026-03-09T14:59:29","modified_gmt":"2026-03-09T14:59:29","slug":"ampliacion-amistad-china-africa-demuestra-una-fuerte-vitalidad-destaca-canciller-chino","status":"publish","type":"post","link":"https:\/\/informadorweb.com\/?p=22082","title":{"rendered":"Ampliaci\u00f3n: Amistad China-\u00c1frica demuestra una fuerte vitalidad, destaca canciller chino"},"content":{"rendered":"<p>BEIJING, 8 mar (Xinhua) &#8212; La amistad entre China y \u00c1frica ha resistido la prueba del cambio de las circunstancias internacionales, demostrando una fuerte vitalidad, destac\u00f3 hoy domingo el ministro de Relaciones Exteriores chino, Wang Yi. Por muchos a\u00f1os, los cancilleres chinos han mantenido la tradici\u00f3n diplom\u00e1tica de comenzar el a\u00f1o con una visita a \u00c1frica. \u00abLa coherencia refleja el esp\u00edritu y la convicci\u00f3n de la diplomacia china\u00bb, se\u00f1al\u00f3 Wang en una conferencia de prensa celebrada al margen de la cuarta sesi\u00f3n de la Asamblea Popular Nacional. \u00abNo es una exageraci\u00f3n decir que la amistad sino-africana se ha transmitido de generaci\u00f3n en generaci\u00f3n, se ha forjado de coraz\u00f3n en coraz\u00f3n y ha sido construida con sudor y sangre\u00bb, sostuvo el canciller. Al destacar los nuevos pasos en la construcci\u00f3n de una comunidad China-\u00c1frica con un futuro compartido, el canciller anunci\u00f3 que China recibir\u00e1 a varios l\u00edderes africanos este a\u00f1o para fortalecer el apoyo mutuo como socios para toda circunstancia y para escribir un nuevo cap\u00edtulo de un viaje compartido. A partir del 1 de mayo, China implementar\u00e1 plenamente el acceso de arancel cero al 100 por ciento de la lista de importaciones de \u00c1frica, eliminando los aranceles por completo para impulsar el comercio, multiplicar los beneficios para la poblaci\u00f3n, y ayudar a \u00c1frica a acceder a las enormes oportunidades del mercado chino, a\u00f1adi\u00f3 Wang. El canciller record\u00f3 que el A\u00f1o China-\u00c1frica de Intercambios entre Personas ha comenzado oficialmente, con cerca de 600 actividades previstas a lo largo del a\u00f1o, y agreg\u00f3 que China est\u00e1 dispuesta a trabajar con sus hermanos africanos para inspirarse en su patrimonio de civilizaci\u00f3n con el fin de fortalecer los lazos entre los pueblos y perpetuar la amistad para las generaciones venideras. Fin<\/p>\n","protected":false},"excerpt":{"rendered":"<p>BEIJING, 8 mar (Xinhua) &#8212; La amistad entre China y \u00c1frica ha resistido la prueba&#8230;<\/p>\n","protected":false},"author":1,"featured_media":0,"comment_status":"closed","ping_status":"closed","sticky":false,"template":"","format":"standard","meta":{"footnotes":""},"categories":[2],"tags":[],"class_list":["post-22082","post","type-post","status-publish","format-standard","hentry","category-internacional"],"_links":{"self":[{"href":"https:\/\/informadorweb.com\/index.php?rest_route=\/wp\/v2\/posts\/22082","targetHints":{"allow":["GET"]}}],"collection":[{"href":"https:\/\/informadorweb.com\/index.php?rest_route=\/wp\/v2\/posts"}],"about":[{"href":"https:\/\/informadorweb.com\/index.php?rest_route=\/wp\/v2\/types\/post"}],"author":[{"embeddable":true,"href":"https:\/\/informadorweb.com\/index.php?rest_route=\/wp\/v2\/users\/1"}],"replies":[{"embeddable":true,"href":"https:\/\/informadorweb.com\/index.php?rest_route=%2Fwp%2Fv2%2Fcomments&post=22082"}],"version-history":[{"count":1,"href":"https:\/\/informadorweb.com\/index.php?rest_route=\/wp\/v2\/posts\/22082\/revisions"}],"predecessor-version":[{"id":22083,"href":"https:\/\/informadorweb.com\/index.php?rest_route=\/wp\/v2\/posts\/22082\/revisions\/22083"}],"wp:attachment":[{"href":"https:\/\/informadorweb.com\/index.php?rest_route=%2Fwp%2Fv2%2Fmedia&parent=22082"}],"wp:term":[{"taxonomy":"category","embeddable":true,"href":"https:\/\/informadorweb.com\/index.php?rest_route=%2Fwp%2Fv2%2Fcategories&post=22082"},{"taxonomy":"post_tag","embeddable":true,"href":"https:\/\/informadorweb.com\/index.php?rest_route=%2Fwp%2Fv2%2Ftags&post=22082"}],"curies":[{"name":"wp","href":"https:\/\/api.w.org\/{rel}","templated":true}]}}