{"id":22066,"date":"2026-03-08T22:29:37","date_gmt":"2026-03-09T04:29:37","guid":{"rendered":"https:\/\/informadorweb.com\/?p=22066"},"modified":"2026-03-09T04:29:39","modified_gmt":"2026-03-09T04:29:39","slug":"china-llama-a-convertir-vision-de-comunidad-asia-pacifico-en-realidad-segun-canciller","status":"publish","type":"post","link":"https:\/\/informadorweb.com\/?p=22066","title":{"rendered":"China llama a convertir visi\u00f3n de comunidad Asia-Pac\u00edfico en realidad, seg\u00fan canciller"},"content":{"rendered":"<div class=\"el-scrollbar__wrap\">\n<div class=\"el-scrollbar__view\">\n<div class=\"news-content\" data-v-e79c3ee4=\"\">BEIJING, 8 mar (Xinhua) &#8212; China trabajar\u00e1 con el objetivo de convertir la visi\u00f3n y el proyecto de construcci\u00f3n de una comunidad Asia-Pac\u00edfico en acciones y realidad, declar\u00f3 hoy domingo el ministro de Relaciones Exteriores de China, Wang Yi. Fin<\/div>\n<\/div>\n<\/div>\n<div class=\"el-scrollbar__bar is-horizontal\"><\/div>\n","protected":false},"excerpt":{"rendered":"<p>BEIJING, 8 mar (Xinhua) &#8212; China trabajar\u00e1 con el objetivo de convertir la visi\u00f3n y&#8230;<\/p>\n","protected":false},"author":1,"featured_media":0,"comment_status":"closed","ping_status":"closed","sticky":false,"template":"","format":"standard","meta":{"footnotes":""},"categories":[2],"tags":[],"class_list":["post-22066","post","type-post","status-publish","format-standard","hentry","category-internacional"],"_links":{"self":[{"href":"https:\/\/informadorweb.com\/index.php?rest_route=\/wp\/v2\/posts\/22066","targetHints":{"allow":["GET"]}}],"collection":[{"href":"https:\/\/informadorweb.com\/index.php?rest_route=\/wp\/v2\/posts"}],"about":[{"href":"https:\/\/informadorweb.com\/index.php?rest_route=\/wp\/v2\/types\/post"}],"author":[{"embeddable":true,"href":"https:\/\/informadorweb.com\/index.php?rest_route=\/wp\/v2\/users\/1"}],"replies":[{"embeddable":true,"href":"https:\/\/informadorweb.com\/index.php?rest_route=%2Fwp%2Fv2%2Fcomments&post=22066"}],"version-history":[{"count":1,"href":"https:\/\/informadorweb.com\/index.php?rest_route=\/wp\/v2\/posts\/22066\/revisions"}],"predecessor-version":[{"id":22067,"href":"https:\/\/informadorweb.com\/index.php?rest_route=\/wp\/v2\/posts\/22066\/revisions\/22067"}],"wp:attachment":[{"href":"https:\/\/informadorweb.com\/index.php?rest_route=%2Fwp%2Fv2%2Fmedia&parent=22066"}],"wp:term":[{"taxonomy":"category","embeddable":true,"href":"https:\/\/informadorweb.com\/index.php?rest_route=%2Fwp%2Fv2%2Fcategories&post=22066"},{"taxonomy":"post_tag","embeddable":true,"href":"https:\/\/informadorweb.com\/index.php?rest_route=%2Fwp%2Fv2%2Ftags&post=22066"}],"curies":[{"name":"wp","href":"https:\/\/api.w.org\/{rel}","templated":true}]}}