{"id":22048,"date":"2026-03-08T22:19:57","date_gmt":"2026-03-09T04:19:57","guid":{"rendered":"https:\/\/informadorweb.com\/?p=22048"},"modified":"2026-03-09T04:19:58","modified_gmt":"2026-03-09T04:19:58","slug":"ampliacion-netanyahu-afirma-que-israel-continuara-ataque-contra-iran-con-toda-la-fuerza","status":"publish","type":"post","link":"https:\/\/informadorweb.com\/?p=22048","title":{"rendered":"Ampliaci\u00f3n: Netanyahu afirma que Israel continuar\u00e1 ataque contra Ir\u00e1n con toda la fuerza"},"content":{"rendered":"<p>JERUSAL\u00c9N, 7 mar (Xinhua) &#8212; El primer ministro de Israel, Benjamin Netanyahu, se\u00f1al\u00f3 en una transmisi\u00f3n en vivo hoy s\u00e1bado que los ataques de Israel contra Ir\u00e1n continuar\u00e1n con \u00abtoda la fuerza y a un ritmo sin concesiones\u00bb. Israel tiene un plan bien preparado con muchas sorpresas para socavar al \u00abr\u00e9gimen iran\u00ed\u00bb y \u00abpermitir el cambio\u00bb, afirm\u00f3 Netanyahu. Dirigi\u00e9ndose al pueblo iran\u00ed, dijo: \u00abSe acerca el momento de la verdad. No buscamos dividir a Ir\u00e1n, sino liberarlo y convivir con \u00e9l en paz\u00bb. Critic\u00f3 a la Organizaci\u00f3n de las Naciones Unidas (ONU) por \u00abcondenarnos sin raz\u00f3n en nuestra guerra justa contra los asesinatos de aliados de Ir\u00e1n en Gaza y por no hacer nada respecto a la masacre en Ir\u00e1n\u00bb. Adem\u00e1s, demand\u00f3 al Gobierno de L\u00edbano que cumpla con el acuerdo de cese al fuego y desarme a Hizbul\u00e1. \u00abSi no lo hace, la agresi\u00f3n de Hizbul\u00e1 tendr\u00e1 desastrosas consecuencias para L\u00edbano\u00bb, advirti\u00f3. Fin<\/p>\n","protected":false},"excerpt":{"rendered":"<p>JERUSAL\u00c9N, 7 mar (Xinhua) &#8212; El primer ministro de Israel, Benjamin Netanyahu, se\u00f1al\u00f3 en una&#8230;<\/p>\n","protected":false},"author":1,"featured_media":0,"comment_status":"closed","ping_status":"closed","sticky":false,"template":"","format":"standard","meta":{"footnotes":""},"categories":[2],"tags":[],"class_list":["post-22048","post","type-post","status-publish","format-standard","hentry","category-internacional"],"_links":{"self":[{"href":"https:\/\/informadorweb.com\/index.php?rest_route=\/wp\/v2\/posts\/22048","targetHints":{"allow":["GET"]}}],"collection":[{"href":"https:\/\/informadorweb.com\/index.php?rest_route=\/wp\/v2\/posts"}],"about":[{"href":"https:\/\/informadorweb.com\/index.php?rest_route=\/wp\/v2\/types\/post"}],"author":[{"embeddable":true,"href":"https:\/\/informadorweb.com\/index.php?rest_route=\/wp\/v2\/users\/1"}],"replies":[{"embeddable":true,"href":"https:\/\/informadorweb.com\/index.php?rest_route=%2Fwp%2Fv2%2Fcomments&post=22048"}],"version-history":[{"count":1,"href":"https:\/\/informadorweb.com\/index.php?rest_route=\/wp\/v2\/posts\/22048\/revisions"}],"predecessor-version":[{"id":22049,"href":"https:\/\/informadorweb.com\/index.php?rest_route=\/wp\/v2\/posts\/22048\/revisions\/22049"}],"wp:attachment":[{"href":"https:\/\/informadorweb.com\/index.php?rest_route=%2Fwp%2Fv2%2Fmedia&parent=22048"}],"wp:term":[{"taxonomy":"category","embeddable":true,"href":"https:\/\/informadorweb.com\/index.php?rest_route=%2Fwp%2Fv2%2Fcategories&post=22048"},{"taxonomy":"post_tag","embeddable":true,"href":"https:\/\/informadorweb.com\/index.php?rest_route=%2Fwp%2Fv2%2Ftags&post=22048"}],"curies":[{"name":"wp","href":"https:\/\/api.w.org\/{rel}","templated":true}]}}