{"id":21966,"date":"2026-03-08T21:17:01","date_gmt":"2026-03-09T03:17:01","guid":{"rendered":"https:\/\/informadorweb.com\/?p=21966"},"modified":"2026-03-09T03:17:02","modified_gmt":"2026-03-09T03:17:02","slug":"ampliacion-aerolinea-emirates-suspende-vuelos-desde-y-hacia-dubai","status":"publish","type":"post","link":"https:\/\/informadorweb.com\/?p=21966","title":{"rendered":"Ampliaci\u00f3n: Aerol\u00ednea Emirates suspende vuelos desde y hacia Dub\u00e1i"},"content":{"rendered":"<p>DUB\u00c1I, 7 mar (Xinhua) &#8212; La aerol\u00ednea Emirates, con sede en Dub\u00e1i, dijo que suspendi\u00f3 hasta nuevo aviso todos los vuelos hacia y desde Dub\u00e1i, Emiratos \u00c1rabes Unidos, en medio de los acontecimientos regionales en curso. Emirates recomend\u00f3 a los pasajeros no acudir a los aeropuertos y afirm\u00f3 que la seguridad de los viajeros y la tripulaci\u00f3n sigue siendo su m\u00e1xima prioridad. Agreg\u00f3 que los pasajeros con reservas entre el 28 de febrero y el 31 de marzo pueden cambiar sus vuelos a su destino previsto para viajar antes del 30 de abril o solicitar un reembolso. Adem\u00e1s, inform\u00f3 que todos los puntos de facturaci\u00f3n de Dub\u00e1i han permanecido cerrados temporalmente hasta nuevo aviso. En medio de la situaci\u00f3n, los residentes de Dub\u00e1i recibieron alertas en sus tel\u00e9fonos m\u00f3viles sobre posibles amenazas de misiles alrededor de las 10:00 a. m. (06:00 GMT) del s\u00e1bado. Fin<\/p>\n","protected":false},"excerpt":{"rendered":"<p>DUB\u00c1I, 7 mar (Xinhua) &#8212; La aerol\u00ednea Emirates, con sede en Dub\u00e1i, dijo que suspendi\u00f3&#8230;<\/p>\n","protected":false},"author":1,"featured_media":0,"comment_status":"closed","ping_status":"closed","sticky":false,"template":"","format":"standard","meta":{"footnotes":""},"categories":[2],"tags":[],"class_list":["post-21966","post","type-post","status-publish","format-standard","hentry","category-internacional"],"_links":{"self":[{"href":"https:\/\/informadorweb.com\/index.php?rest_route=\/wp\/v2\/posts\/21966","targetHints":{"allow":["GET"]}}],"collection":[{"href":"https:\/\/informadorweb.com\/index.php?rest_route=\/wp\/v2\/posts"}],"about":[{"href":"https:\/\/informadorweb.com\/index.php?rest_route=\/wp\/v2\/types\/post"}],"author":[{"embeddable":true,"href":"https:\/\/informadorweb.com\/index.php?rest_route=\/wp\/v2\/users\/1"}],"replies":[{"embeddable":true,"href":"https:\/\/informadorweb.com\/index.php?rest_route=%2Fwp%2Fv2%2Fcomments&post=21966"}],"version-history":[{"count":1,"href":"https:\/\/informadorweb.com\/index.php?rest_route=\/wp\/v2\/posts\/21966\/revisions"}],"predecessor-version":[{"id":21967,"href":"https:\/\/informadorweb.com\/index.php?rest_route=\/wp\/v2\/posts\/21966\/revisions\/21967"}],"wp:attachment":[{"href":"https:\/\/informadorweb.com\/index.php?rest_route=%2Fwp%2Fv2%2Fmedia&parent=21966"}],"wp:term":[{"taxonomy":"category","embeddable":true,"href":"https:\/\/informadorweb.com\/index.php?rest_route=%2Fwp%2Fv2%2Fcategories&post=21966"},{"taxonomy":"post_tag","embeddable":true,"href":"https:\/\/informadorweb.com\/index.php?rest_route=%2Fwp%2Fv2%2Ftags&post=21966"}],"curies":[{"name":"wp","href":"https:\/\/api.w.org\/{rel}","templated":true}]}}