{"id":21545,"date":"2026-03-07T11:14:43","date_gmt":"2026-03-07T17:14:43","guid":{"rendered":"https:\/\/informadorweb.com\/?p=21545"},"modified":"2026-03-07T17:14:46","modified_gmt":"2026-03-07T17:14:46","slug":"concluye-en-brasil-conferencia-fao-para-america-latina-y-el-caribe-con-miras-a-transformar-sistemas-agroalimentarios","status":"publish","type":"post","link":"https:\/\/informadorweb.com\/?p=21545","title":{"rendered":"Concluye en Brasil Conferencia FAO para Am\u00e9rica Latina y el Caribe con miras a transformar sistemas agroalimentarios"},"content":{"rendered":"<p>BRASILIA, 6 mar (Xinhua) &#8212; La 39\u00ba Conferencia Regional para Am\u00e9rica Latina y el Caribe de la Organizaci\u00f3n de las Naciones Unidas para la Alimentaci\u00f3n y la Agricultura (FAO) concluy\u00f3 este viernes en Brasilia con la definici\u00f3n de prioridades orientadas a la erradicaci\u00f3n del hambre, el fortalecimiento de la resiliencia clim\u00e1tica y la movilizaci\u00f3n de inversiones para transformar los sistemas agroalimentarios. Durante cinco d\u00edas de deliberaciones, los pa\u00edses miembros examinaron los principales desaf\u00edos que enfrentan los sistemas agroalimentarios de la regi\u00f3n. Entre los retos destacados est\u00e1n la persistencia del hambre y la malnutrici\u00f3n, la creciente vulnerabilidad frente al cambio clim\u00e1tico, la presi\u00f3n sobre recursos naturales como agua, suelos y bosques, y la necesidad de ampliar la inversi\u00f3n p\u00fablica y privada en el sector. Como resultado de la Conferencia, los pa\u00edses adoptaron por consenso un informe final que establece una hoja de ruta regional. El representante regional de la FAO para Am\u00e9rica Latina y el Caribe, Ren\u00e9 Orellana, reiter\u00f3 el compromiso para continuar trabajando junto a los pa\u00edses miembro para la implementaci\u00f3n de las prioridades definidas destinadas a fortalecer la seguridad alimentaria y nutricional a trav\u00e9s de sistemas agroalimentarios m\u00e1s eficientes, inclusivos y sostenibles. Entre los mensajes principales se destac\u00f3 la necesidad de redoblar esfuerzos para erradicar el hambre aprovechando el potencial productivo de la regi\u00f3n y su papel estrat\u00e9gico en la seguridad alimentaria global. Los debates tambi\u00e9n resaltaron la importancia de la innovaci\u00f3n y la aceleraci\u00f3n de pr\u00e1cticas sostenibles frente al cambio clim\u00e1tico, adem\u00e1s del papel fundamental de la gesti\u00f3n de recursos naturales y el enfoque de Una Sola Salud. Los pa\u00edses acordaron que la movilizaci\u00f3n de inversiones ser\u00e1 crucial, lo cual exigir\u00e1 fortalecer alianzas estrat\u00e9gicas y reducir las brechas de financiamiento. Las prioridades y orientaciones estrat\u00e9gicas definidas en Brasilia guiar\u00e1n el trabajo de la FAO y los pa\u00edses de la regi\u00f3n durante el bienio 2026-2027. Fin<\/p>\n","protected":false},"excerpt":{"rendered":"<p>BRASILIA, 6 mar (Xinhua) &#8212; La 39\u00ba Conferencia Regional para Am\u00e9rica Latina y el Caribe&#8230;<\/p>\n","protected":false},"author":1,"featured_media":0,"comment_status":"closed","ping_status":"closed","sticky":false,"template":"","format":"standard","meta":{"footnotes":""},"categories":[2],"tags":[],"class_list":["post-21545","post","type-post","status-publish","format-standard","hentry","category-internacional"],"_links":{"self":[{"href":"https:\/\/informadorweb.com\/index.php?rest_route=\/wp\/v2\/posts\/21545","targetHints":{"allow":["GET"]}}],"collection":[{"href":"https:\/\/informadorweb.com\/index.php?rest_route=\/wp\/v2\/posts"}],"about":[{"href":"https:\/\/informadorweb.com\/index.php?rest_route=\/wp\/v2\/types\/post"}],"author":[{"embeddable":true,"href":"https:\/\/informadorweb.com\/index.php?rest_route=\/wp\/v2\/users\/1"}],"replies":[{"embeddable":true,"href":"https:\/\/informadorweb.com\/index.php?rest_route=%2Fwp%2Fv2%2Fcomments&post=21545"}],"version-history":[{"count":1,"href":"https:\/\/informadorweb.com\/index.php?rest_route=\/wp\/v2\/posts\/21545\/revisions"}],"predecessor-version":[{"id":21546,"href":"https:\/\/informadorweb.com\/index.php?rest_route=\/wp\/v2\/posts\/21545\/revisions\/21546"}],"wp:attachment":[{"href":"https:\/\/informadorweb.com\/index.php?rest_route=%2Fwp%2Fv2%2Fmedia&parent=21545"}],"wp:term":[{"taxonomy":"category","embeddable":true,"href":"https:\/\/informadorweb.com\/index.php?rest_route=%2Fwp%2Fv2%2Fcategories&post=21545"},{"taxonomy":"post_tag","embeddable":true,"href":"https:\/\/informadorweb.com\/index.php?rest_route=%2Fwp%2Fv2%2Ftags&post=21545"}],"curies":[{"name":"wp","href":"https:\/\/api.w.org\/{rel}","templated":true}]}}