{"id":21479,"date":"2026-03-07T10:28:47","date_gmt":"2026-03-07T16:28:47","guid":{"rendered":"https:\/\/informadorweb.com\/?p=21479"},"modified":"2026-03-07T16:28:48","modified_gmt":"2026-03-07T16:28:48","slug":"sube-a-217-cifra-de-muertes-por-ataques-israelies-en-libano-informa-ministerio","status":"publish","type":"post","link":"https:\/\/informadorweb.com\/?p=21479","title":{"rendered":"Sube a 217 cifra de muertes por ataques israel\u00edes en L\u00edbano, informa ministerio"},"content":{"rendered":"<p>BEIRUT, 6 mar (Xinhua) &#8212; La cifra de muertes a causa de los ataques israel\u00edes en L\u00edbano desde la madrugada del lunes subi\u00f3 a 217 y la de heridos a 798, inform\u00f3 hoy viernes el Ministerio de Salud liban\u00e9s. En un comunicado, el Centro de Operaciones de Emergencias de Salud P\u00fablica del ministerio dijo que las v\u00edctimas se registraron entre las primeras horas del lunes y el viernes por la noche, per\u00edodo en que Israel atac\u00f3 diversas zonas en todo el pa\u00eds. Hizbul\u00e1 dispar\u00f3 el lunes misiles y drones contra Israel, y dijo que la ofensiva fue en represalia por el asesinato del l\u00edder supremo iran\u00ed, Ali Khamenei, durante los ataques estadounidense-israel\u00edes, y por los repetidos ataques a\u00e9reos israel\u00edes contra L\u00edbano. Israel respondi\u00f3 con bombardeos masivos contra objetivos de Hizbul\u00e1 y despleg\u00f3 fuerzas terrestres en el sur de L\u00edbano, lo que represent\u00f3 una gran escalada del conflicto. Fin<\/p>\n","protected":false},"excerpt":{"rendered":"<p>BEIRUT, 6 mar (Xinhua) &#8212; La cifra de muertes a causa de los ataques israel\u00edes&#8230;<\/p>\n","protected":false},"author":1,"featured_media":0,"comment_status":"closed","ping_status":"closed","sticky":false,"template":"","format":"standard","meta":{"footnotes":""},"categories":[2],"tags":[],"class_list":["post-21479","post","type-post","status-publish","format-standard","hentry","category-internacional"],"_links":{"self":[{"href":"https:\/\/informadorweb.com\/index.php?rest_route=\/wp\/v2\/posts\/21479","targetHints":{"allow":["GET"]}}],"collection":[{"href":"https:\/\/informadorweb.com\/index.php?rest_route=\/wp\/v2\/posts"}],"about":[{"href":"https:\/\/informadorweb.com\/index.php?rest_route=\/wp\/v2\/types\/post"}],"author":[{"embeddable":true,"href":"https:\/\/informadorweb.com\/index.php?rest_route=\/wp\/v2\/users\/1"}],"replies":[{"embeddable":true,"href":"https:\/\/informadorweb.com\/index.php?rest_route=%2Fwp%2Fv2%2Fcomments&post=21479"}],"version-history":[{"count":1,"href":"https:\/\/informadorweb.com\/index.php?rest_route=\/wp\/v2\/posts\/21479\/revisions"}],"predecessor-version":[{"id":21480,"href":"https:\/\/informadorweb.com\/index.php?rest_route=\/wp\/v2\/posts\/21479\/revisions\/21480"}],"wp:attachment":[{"href":"https:\/\/informadorweb.com\/index.php?rest_route=%2Fwp%2Fv2%2Fmedia&parent=21479"}],"wp:term":[{"taxonomy":"category","embeddable":true,"href":"https:\/\/informadorweb.com\/index.php?rest_route=%2Fwp%2Fv2%2Fcategories&post=21479"},{"taxonomy":"post_tag","embeddable":true,"href":"https:\/\/informadorweb.com\/index.php?rest_route=%2Fwp%2Fv2%2Ftags&post=21479"}],"curies":[{"name":"wp","href":"https:\/\/api.w.org\/{rel}","templated":true}]}}