{"id":20974,"date":"2026-03-06T12:43:18","date_gmt":"2026-03-06T18:43:18","guid":{"rendered":"https:\/\/informadorweb.com\/?p=20974"},"modified":"2026-03-06T18:43:19","modified_gmt":"2026-03-06T18:43:19","slug":"trump-dice-no-tener-limite-de-tiempo-sobre-la-duracion-de-la-guerra-de-iran","status":"publish","type":"post","link":"https:\/\/informadorweb.com\/?p=20974","title":{"rendered":"Trump dice no tener \u00abl\u00edmite de tiempo\u00bb sobre la duraci\u00f3n de la guerra de Ir\u00e1n"},"content":{"rendered":"<p>WASHINGTON, 5 mar (Xinhua) &#8212; El presidente de EE. UU., Donald Trump, dijo que no tiene \u00abl\u00edmite de tiempo\u00bb sobre cu\u00e1nto podr\u00eda durar la guerra con Ir\u00e1n, seg\u00fan una entrevista publicada este jueves con Time. \u00abNo tengo l\u00edmites de tiempo sobre nada\u00bb, declar\u00f3 Trump en conversaci\u00f3n telef\u00f3nica con Time este mi\u00e9rcoles. \u00abLo quiero terminar\u00bb, manifest\u00f3. Antes, esta semana, Trump afirm\u00f3 esperar que los ataques de EE. UU. e Israel contra Ir\u00e1n durar\u00edan de cuatro a cinco semanas. La operaci\u00f3n comenz\u00f3 el 28 de febrero. Trump tambi\u00e9n puso varios objetivos para el conflicto, como prevenir que Ir\u00e1n desarrolle armas nucleares o misiles bal\u00edsticos, adem\u00e1s de imponer a \u00abalguien racional y cuerdo\u00bb para liderar Ir\u00e1n, reflej\u00f3 el reporte. La C\u00e1mara de Representantes controlada por el Partido Republicano no consigui\u00f3 aprobar una resoluci\u00f3n sobre poderes de guerra dirigida a controlar los ataques de Trump sobre Ir\u00e1n, un d\u00eda despu\u00e9s de que otra medida similar tampoco pudiera salir adelante en el Senado. Fin<\/p>\n","protected":false},"excerpt":{"rendered":"<p>WASHINGTON, 5 mar (Xinhua) &#8212; El presidente de EE. UU., Donald Trump, dijo que no&#8230;<\/p>\n","protected":false},"author":1,"featured_media":0,"comment_status":"closed","ping_status":"closed","sticky":false,"template":"","format":"standard","meta":{"footnotes":""},"categories":[2],"tags":[],"class_list":["post-20974","post","type-post","status-publish","format-standard","hentry","category-internacional"],"_links":{"self":[{"href":"https:\/\/informadorweb.com\/index.php?rest_route=\/wp\/v2\/posts\/20974","targetHints":{"allow":["GET"]}}],"collection":[{"href":"https:\/\/informadorweb.com\/index.php?rest_route=\/wp\/v2\/posts"}],"about":[{"href":"https:\/\/informadorweb.com\/index.php?rest_route=\/wp\/v2\/types\/post"}],"author":[{"embeddable":true,"href":"https:\/\/informadorweb.com\/index.php?rest_route=\/wp\/v2\/users\/1"}],"replies":[{"embeddable":true,"href":"https:\/\/informadorweb.com\/index.php?rest_route=%2Fwp%2Fv2%2Fcomments&post=20974"}],"version-history":[{"count":1,"href":"https:\/\/informadorweb.com\/index.php?rest_route=\/wp\/v2\/posts\/20974\/revisions"}],"predecessor-version":[{"id":20975,"href":"https:\/\/informadorweb.com\/index.php?rest_route=\/wp\/v2\/posts\/20974\/revisions\/20975"}],"wp:attachment":[{"href":"https:\/\/informadorweb.com\/index.php?rest_route=%2Fwp%2Fv2%2Fmedia&parent=20974"}],"wp:term":[{"taxonomy":"category","embeddable":true,"href":"https:\/\/informadorweb.com\/index.php?rest_route=%2Fwp%2Fv2%2Fcategories&post=20974"},{"taxonomy":"post_tag","embeddable":true,"href":"https:\/\/informadorweb.com\/index.php?rest_route=%2Fwp%2Fv2%2Ftags&post=20974"}],"curies":[{"name":"wp","href":"https:\/\/api.w.org\/{rel}","templated":true}]}}