{"id":20809,"date":"2026-03-06T11:49:10","date_gmt":"2026-03-06T17:49:10","guid":{"rendered":"https:\/\/informadorweb.com\/?p=20809"},"modified":"2026-03-06T17:49:10","modified_gmt":"2026-03-06T17:49:10","slug":"region-del-kurdistan-de-irak-desmiente-envio-de-grupos-armados-a-iran","status":"publish","type":"post","link":"https:\/\/informadorweb.com\/?p=20809","title":{"rendered":"Regi\u00f3n del Kurdist\u00e1n de Irak desmiente env\u00edo de grupos armados a Ir\u00e1n"},"content":{"rendered":"<div class=\"el-scrollbar__wrap\">\n<div class=\"el-scrollbar__view\">\n<div class=\"news-content\" data-v-e79c3ee4=\"\">BAGDAD, 5 mar (Xinhua) &#8212; El Gobierno Regional del Kurdist\u00e1n (GRK) de Irak desminti\u00f3 hoy jueves haber enviado grupos armados para que se infiltraran en Ir\u00e1n y afirm\u00f3 que no est\u00e1 involucrado en ninguna campa\u00f1a para intensificar los conflictos regionales. El portavoz del GRK, Peshawa Hawramani, calific\u00f3 de \u00abcompletamente falsos\u00bb los reportes que sugieren que la regi\u00f3n est\u00e1 armando y enviando grupos kurdos a Ir\u00e1n. Dijo que el GRK y sus partidos pol\u00edticos est\u00e1n comprometidos con la paz y la estabilidad. Hawramani tambi\u00e9n conden\u00f3 los ataques contra la regi\u00f3n del Kurdist\u00e1n e inst\u00f3 al Gobierno federal iraqu\u00ed y a la comunidad internacional a que protejan el territorio y a los civiles kurdos. Horas antes, el Ministerio de Inteligencia de Ir\u00e1n se\u00f1al\u00f3 que sus fuerzas armadas hab\u00edan causado graves da\u00f1os a posiciones e instalaciones de grupos \u00abterroristas separatistas\u00bb cerca de sus fronteras occidentales en una operaci\u00f3n \u00abpreventiva\u00bb. El ministerio acus\u00f3 a los grupos de intentar infiltrarse en Ir\u00e1n con apoyo estadounidense e israel\u00ed para perpetrar ataques en zonas urbanas y fronterizas, inform\u00f3 la agencia estatal de noticias iran\u00ed IRNA. La tensi\u00f3n se intensific\u00f3 despu\u00e9s de un ataque conjunto estadounidense-israel\u00ed contra Ir\u00e1n el s\u00e1bado, lo que provoc\u00f3 que Teher\u00e1n lanzara ataques con misiles y drones contra objetivos israel\u00edes y estadounidenses en todo Medio Oriente. La Resistencia Isl\u00e1mica en Irak, organizaci\u00f3n que agrupa a milicianos proiran\u00edes, advirti\u00f3 hoy que las fuerzas e intereses europeos podr\u00edan convertirse en \u00abobjetivos leg\u00edtimos\u00bb si apoyan las operaciones estadounidense-israel\u00edes. El grupo tambi\u00e9n reivindic\u00f3 el derribo de un dron estadounidense MQ-9 sobre la provincia iraqu\u00ed de Saladino y el lanzamiento de 29 ataques con drones y misiles contra \u00abbases enemigas\u00bb en Irak y la regi\u00f3n durante las \u00faltimas 24 horas. No se proporcionaron m\u00e1s detalles sobre los objetivos ni las v\u00edctimas. Fin<\/div>\n<\/div>\n<\/div>\n<div class=\"el-scrollbar__bar is-horizontal\"><\/div>\n","protected":false},"excerpt":{"rendered":"<p>BAGDAD, 5 mar (Xinhua) &#8212; El Gobierno Regional del Kurdist\u00e1n (GRK) de Irak desminti\u00f3 hoy&#8230;<\/p>\n","protected":false},"author":1,"featured_media":0,"comment_status":"closed","ping_status":"closed","sticky":false,"template":"","format":"standard","meta":{"footnotes":""},"categories":[2],"tags":[],"class_list":["post-20809","post","type-post","status-publish","format-standard","hentry","category-internacional"],"_links":{"self":[{"href":"https:\/\/informadorweb.com\/index.php?rest_route=\/wp\/v2\/posts\/20809","targetHints":{"allow":["GET"]}}],"collection":[{"href":"https:\/\/informadorweb.com\/index.php?rest_route=\/wp\/v2\/posts"}],"about":[{"href":"https:\/\/informadorweb.com\/index.php?rest_route=\/wp\/v2\/types\/post"}],"author":[{"embeddable":true,"href":"https:\/\/informadorweb.com\/index.php?rest_route=\/wp\/v2\/users\/1"}],"replies":[{"embeddable":true,"href":"https:\/\/informadorweb.com\/index.php?rest_route=%2Fwp%2Fv2%2Fcomments&post=20809"}],"version-history":[{"count":1,"href":"https:\/\/informadorweb.com\/index.php?rest_route=\/wp\/v2\/posts\/20809\/revisions"}],"predecessor-version":[{"id":20810,"href":"https:\/\/informadorweb.com\/index.php?rest_route=\/wp\/v2\/posts\/20809\/revisions\/20810"}],"wp:attachment":[{"href":"https:\/\/informadorweb.com\/index.php?rest_route=%2Fwp%2Fv2%2Fmedia&parent=20809"}],"wp:term":[{"taxonomy":"category","embeddable":true,"href":"https:\/\/informadorweb.com\/index.php?rest_route=%2Fwp%2Fv2%2Fcategories&post=20809"},{"taxonomy":"post_tag","embeddable":true,"href":"https:\/\/informadorweb.com\/index.php?rest_route=%2Fwp%2Fv2%2Ftags&post=20809"}],"curies":[{"name":"wp","href":"https:\/\/api.w.org\/{rel}","templated":true}]}}