{"id":20133,"date":"2026-03-05T12:22:17","date_gmt":"2026-03-05T18:22:17","guid":{"rendered":"https:\/\/informadorweb.com\/?p=20133"},"modified":"2026-03-05T18:22:19","modified_gmt":"2026-03-05T18:22:19","slug":"cancilleria-cubana-califica-de-arbitraria-e-injustificada-expulsion-de-su-personal-diplomatico-de-ecuador","status":"publish","type":"post","link":"https:\/\/informadorweb.com\/?p=20133","title":{"rendered":"Canciller\u00eda cubana califica de arbitraria e injustificada expulsi\u00f3n de su personal diplom\u00e1tico de Ecuador"},"content":{"rendered":"<p>LA HABANA, 4 mar (Xinhua) &#8212; El Ministerio de Relaciones Exteriores de Cuba (Minrex) calific\u00f3 de \u00abarbitraria e injustificada\u00bb la decisi\u00f3n del Gobierno de Ecuador de expulsar a todo el personal de la Embajada cubana en ese pa\u00eds. \u00abSe trata de un acto inamistoso y sin precedentes que da\u00f1a significativamente las hist\u00f3ricas relaciones de amistad y cooperaci\u00f3n entre ambos pa\u00edses y pueblos\u00bb, asegur\u00f3 la canciller\u00eda de la isla en un comunicado. Esta acci\u00f3n, de acuerdo al Minrex, demuestra \u00abel desprecio del actual Gobierno de Ecuador por las pr\u00e1cticas y cortes\u00edas diplom\u00e1ticas observadas por la comunidad internacional\u00bb. Seg\u00fan relat\u00f3 la canciller\u00eda cubana, el Ministerio de Relaciones Exteriores y Movilidad Humana de Ecuador inform\u00f3 hoy mi\u00e9rcoles mediante nota verbal la decisi\u00f3n de declarar \u00abpersona non grata\u00bb a todo el personal diplom\u00e1tico, consular y administrativo de la Embajada del pa\u00eds caribe\u00f1o en Quito. La nota divulgada por el Minrex explic\u00f3 que las autoridades ecuatorianas no aportaron ning\u00fan argumento para justificar la decisi\u00f3n e impusieron un plazo de 48 horas para que el personal diplom\u00e1tico cubano abandonara el territorio del pa\u00eds centroamericano. \u00abEl Ministerio reafirma categ\u00f3ricamente que el personal de la Embajada de Cuba en Quito, tal como establece la Convenci\u00f3n de Viena sobre Relaciones Diplom\u00e1ticas de 1961, ha cumplido estrictamente con el respeto a las leyes y reglamentos del Ecuador sin inmiscuirse en los asuntos internos de ese Estado\u00bb, asegur\u00f3 la nota oficial. Adem\u00e1s, la canciller\u00eda cubana record\u00f3 que la decisi\u00f3n se toma \u00aben un contexto caracterizado por el reforzamiento de la agresi\u00f3n de los Estados Unidos contra la isla\u00bb y de las \u00abfuertes presiones del Gobierno de ese pa\u00eds a terceros Estados para que se sumen a esa pol\u00edtica\u00bb. Fin<\/p>\n","protected":false},"excerpt":{"rendered":"<p>LA HABANA, 4 mar (Xinhua) &#8212; El Ministerio de Relaciones Exteriores de Cuba (Minrex) calific\u00f3&#8230;<\/p>\n","protected":false},"author":1,"featured_media":0,"comment_status":"closed","ping_status":"closed","sticky":false,"template":"","format":"standard","meta":{"footnotes":""},"categories":[2],"tags":[],"class_list":["post-20133","post","type-post","status-publish","format-standard","hentry","category-internacional"],"_links":{"self":[{"href":"https:\/\/informadorweb.com\/index.php?rest_route=\/wp\/v2\/posts\/20133","targetHints":{"allow":["GET"]}}],"collection":[{"href":"https:\/\/informadorweb.com\/index.php?rest_route=\/wp\/v2\/posts"}],"about":[{"href":"https:\/\/informadorweb.com\/index.php?rest_route=\/wp\/v2\/types\/post"}],"author":[{"embeddable":true,"href":"https:\/\/informadorweb.com\/index.php?rest_route=\/wp\/v2\/users\/1"}],"replies":[{"embeddable":true,"href":"https:\/\/informadorweb.com\/index.php?rest_route=%2Fwp%2Fv2%2Fcomments&post=20133"}],"version-history":[{"count":1,"href":"https:\/\/informadorweb.com\/index.php?rest_route=\/wp\/v2\/posts\/20133\/revisions"}],"predecessor-version":[{"id":20134,"href":"https:\/\/informadorweb.com\/index.php?rest_route=\/wp\/v2\/posts\/20133\/revisions\/20134"}],"wp:attachment":[{"href":"https:\/\/informadorweb.com\/index.php?rest_route=%2Fwp%2Fv2%2Fmedia&parent=20133"}],"wp:term":[{"taxonomy":"category","embeddable":true,"href":"https:\/\/informadorweb.com\/index.php?rest_route=%2Fwp%2Fv2%2Fcategories&post=20133"},{"taxonomy":"post_tag","embeddable":true,"href":"https:\/\/informadorweb.com\/index.php?rest_route=%2Fwp%2Fv2%2Ftags&post=20133"}],"curies":[{"name":"wp","href":"https:\/\/api.w.org\/{rel}","templated":true}]}}