{"id":20097,"date":"2026-03-05T12:12:36","date_gmt":"2026-03-05T18:12:36","guid":{"rendered":"https:\/\/informadorweb.com\/?p=20097"},"modified":"2026-03-05T18:12:38","modified_gmt":"2026-03-05T18:12:38","slug":"jefe-de-onu-expresa-preocupacion-por-falta-de-unidad-en-consejo-de-seguridad-dice-portavoz","status":"publish","type":"post","link":"https:\/\/informadorweb.com\/?p=20097","title":{"rendered":"Jefe de ONU expresa preocupaci\u00f3n por falta de unidad en Consejo de Seguridad, dice portavoz"},"content":{"rendered":"<p>NACIONES UNIDAS, 4 mar (Xinhua) &#8212; El secretario general de la ONU, Ant\u00f3nio Guterres, expres\u00f3 su preocupaci\u00f3n por la falta de unidad en el Consejo de Seguridad a la hora de abordar una serie de asuntos, dijo hoy mi\u00e9rcole su portavoz. \u00abFrancamente, como ya saben, desde hace tiempo nos ha preocupado la falta de unidad en el Consejo de Seguridad a la hora de abordar una serie de asuntos\u00bb, dijo el portavoz Stephane Dujarric en una conferencia de prensa, en respuesta a una pregunta sobre si le preocupa al jefe de la ONU la incapacidad del Consejo de Seguridad para responder a la crisis en Medio Oriente. \u00abConsidero que el Consejo de Seguridad tiene la principal responsabilidad en el mantenimiento de la paz y la seguridad, y alentamos a los miembros a encontrar terreno com\u00fan para tal fin\u00bb, a\u00f1adi\u00f3. Fin<\/p>\n","protected":false},"excerpt":{"rendered":"<p>NACIONES UNIDAS, 4 mar (Xinhua) &#8212; El secretario general de la ONU, Ant\u00f3nio Guterres, expres\u00f3&#8230;<\/p>\n","protected":false},"author":1,"featured_media":0,"comment_status":"closed","ping_status":"closed","sticky":false,"template":"","format":"standard","meta":{"footnotes":""},"categories":[2],"tags":[],"class_list":["post-20097","post","type-post","status-publish","format-standard","hentry","category-internacional"],"_links":{"self":[{"href":"https:\/\/informadorweb.com\/index.php?rest_route=\/wp\/v2\/posts\/20097","targetHints":{"allow":["GET"]}}],"collection":[{"href":"https:\/\/informadorweb.com\/index.php?rest_route=\/wp\/v2\/posts"}],"about":[{"href":"https:\/\/informadorweb.com\/index.php?rest_route=\/wp\/v2\/types\/post"}],"author":[{"embeddable":true,"href":"https:\/\/informadorweb.com\/index.php?rest_route=\/wp\/v2\/users\/1"}],"replies":[{"embeddable":true,"href":"https:\/\/informadorweb.com\/index.php?rest_route=%2Fwp%2Fv2%2Fcomments&post=20097"}],"version-history":[{"count":1,"href":"https:\/\/informadorweb.com\/index.php?rest_route=\/wp\/v2\/posts\/20097\/revisions"}],"predecessor-version":[{"id":20098,"href":"https:\/\/informadorweb.com\/index.php?rest_route=\/wp\/v2\/posts\/20097\/revisions\/20098"}],"wp:attachment":[{"href":"https:\/\/informadorweb.com\/index.php?rest_route=%2Fwp%2Fv2%2Fmedia&parent=20097"}],"wp:term":[{"taxonomy":"category","embeddable":true,"href":"https:\/\/informadorweb.com\/index.php?rest_route=%2Fwp%2Fv2%2Fcategories&post=20097"},{"taxonomy":"post_tag","embeddable":true,"href":"https:\/\/informadorweb.com\/index.php?rest_route=%2Fwp%2Fv2%2Ftags&post=20097"}],"curies":[{"name":"wp","href":"https:\/\/api.w.org\/{rel}","templated":true}]}}