{"id":20083,"date":"2026-03-05T12:08:57","date_gmt":"2026-03-05T18:08:57","guid":{"rendered":"https:\/\/informadorweb.com\/?p=20083"},"modified":"2026-03-05T18:08:58","modified_gmt":"2026-03-05T18:08:58","slug":"universidad-de-el-salvador-inaugura-estatua-de-confucio-como-simbolo-de-cooperacion-cultural-con-china","status":"publish","type":"post","link":"https:\/\/informadorweb.com\/?p=20083","title":{"rendered":"Universidad de El Salvador inaugura estatua de Confucio como s\u00edmbolo de cooperaci\u00f3n cultural con China"},"content":{"rendered":"<p>SAN SALVADOR, 4 mar (Xinhua) &#8212; La Universidad de El Salvador (UES) inaugur\u00f3 este mi\u00e9rcoles en su campus una estatua del fil\u00f3sofo chino Confucio, en una ceremonia organizada por el Instituto Confucio de esta casa de estudios que reuni\u00f3 a autoridades acad\u00e9micas, representantes diplom\u00e1ticos, miembros de la comunidad china y estudiantes. El rector de la UES, Juan Rosa Quintanilla, destac\u00f3 en su discurso durante la ceremonia que la instalaci\u00f3n del monumento del reconocido pensador representa un s\u00edmbolo de cooperaci\u00f3n cultural y educativa entre ambos pa\u00edses. \u00abHoy vivimos un momento hist\u00f3rico para la Universidad de El Salvador y nos reunimos para develar esta estatua de Confucio. Un monumento no es \u00fanicamente bronce y piedra, es un s\u00edmbolo de sabidur\u00eda, armon\u00eda y amistad entre pueblos que, aunque geogr\u00e1ficamente distantes, compartimos la convicci\u00f3n de que la educaci\u00f3n es el camino hacia el progreso\u00bb, afirm\u00f3. Rosa Quintanilla subray\u00f3 que la universidad m\u00e1s grande y antigua de El Salvador ha tenido un papel relevante en el fortalecimiento de los v\u00ednculos bilaterales desde el establecimiento de relaciones diplom\u00e1ticas entre El Salvador y China en 2018. Tambi\u00e9n destac\u00f3 el desarrollo del Instituto Confucio de la UES, fundado en 2019 y por cuyas aulas han pasado m\u00e1s de 4.000 estudiantes para aprender mandar\u00edn y acercarse a la cultura china. \u00abNo inauguramos solo una estatua, inauguramos un s\u00edmbolo permanente de amistad, cooperaci\u00f3n acad\u00e9mica y futuro compartido entre El Salvador y China\u00bb, a\u00f1adi\u00f3 el rector. El encargado de negocios de la Embajada de China en El Salvador, Ma Ning, se\u00f1al\u00f3 que la figura del fil\u00f3sofo y educador chino representa valores universales asociados al pensamiento confuciano. \u00abConfucio es un destacado pensador y educador de la China tradicional&#8230; Durante m\u00e1s de 2000 a\u00f1os el confucianismo ha brindado orientaci\u00f3n e inspiraci\u00f3n al pueblo chino en la manera de manejar las relaciones interpersonales y las relaciones entre pa\u00edses\u00bb, explic\u00f3. El diplom\u00e1tico indic\u00f3 que el Instituto Confucio de la UES se ha convertido en un referente en la ense\u00f1anza del idioma chino en el pa\u00eds centroamericano y destac\u00f3 la apertura el pasado diciembre del primer centro autorizado para aplicar las pruebas de certificaci\u00f3n del idioma chino mandar\u00edn HSK en la regi\u00f3n CA4 (El Salvador, Guatemala, Honduras y Nicaragua). \u00abHoy es como si Confucio hubiera cruzado el vasto oc\u00e9ano Pac\u00edfico para establecerse en la Universidad del Salvador, escribiendo as\u00ed un nuevo cap\u00edtulo de la amistad entre China y El Salvador\u00bb, expres\u00f3 Ma. Por su parte, George Yan, vicepresidente de la Academia Confuciana de Hong Kong, entidad donante de la estatua, record\u00f3 que esta instituci\u00f3n ha donado cientos de estatuas del fil\u00f3sofo alrededor del mundo como s\u00edmbolo de intercambio cultural. \u00abHoy atestiguamos la inauguraci\u00f3n de esta estatua de Confucio para promover no solo la relaci\u00f3n de amistad cultural entre El Salvador y la Rep\u00fablica Popular China, sino tambi\u00e9n para dar un mensaje de paz, un mensaje de uni\u00f3n de que todos somos hermanos\u00bb, se\u00f1al\u00f3. Fin<\/p>\n","protected":false},"excerpt":{"rendered":"<p>SAN SALVADOR, 4 mar (Xinhua) &#8212; La Universidad de El Salvador (UES) inaugur\u00f3 este mi\u00e9rcoles&#8230;<\/p>\n","protected":false},"author":1,"featured_media":0,"comment_status":"closed","ping_status":"closed","sticky":false,"template":"","format":"standard","meta":{"footnotes":""},"categories":[2],"tags":[],"class_list":["post-20083","post","type-post","status-publish","format-standard","hentry","category-internacional"],"_links":{"self":[{"href":"https:\/\/informadorweb.com\/index.php?rest_route=\/wp\/v2\/posts\/20083","targetHints":{"allow":["GET"]}}],"collection":[{"href":"https:\/\/informadorweb.com\/index.php?rest_route=\/wp\/v2\/posts"}],"about":[{"href":"https:\/\/informadorweb.com\/index.php?rest_route=\/wp\/v2\/types\/post"}],"author":[{"embeddable":true,"href":"https:\/\/informadorweb.com\/index.php?rest_route=\/wp\/v2\/users\/1"}],"replies":[{"embeddable":true,"href":"https:\/\/informadorweb.com\/index.php?rest_route=%2Fwp%2Fv2%2Fcomments&post=20083"}],"version-history":[{"count":1,"href":"https:\/\/informadorweb.com\/index.php?rest_route=\/wp\/v2\/posts\/20083\/revisions"}],"predecessor-version":[{"id":20084,"href":"https:\/\/informadorweb.com\/index.php?rest_route=\/wp\/v2\/posts\/20083\/revisions\/20084"}],"wp:attachment":[{"href":"https:\/\/informadorweb.com\/index.php?rest_route=%2Fwp%2Fv2%2Fmedia&parent=20083"}],"wp:term":[{"taxonomy":"category","embeddable":true,"href":"https:\/\/informadorweb.com\/index.php?rest_route=%2Fwp%2Fv2%2Fcategories&post=20083"},{"taxonomy":"post_tag","embeddable":true,"href":"https:\/\/informadorweb.com\/index.php?rest_route=%2Fwp%2Fv2%2Ftags&post=20083"}],"curies":[{"name":"wp","href":"https:\/\/api.w.org\/{rel}","templated":true}]}}