{"id":20077,"date":"2026-03-05T12:07:37","date_gmt":"2026-03-05T18:07:37","guid":{"rendered":"https:\/\/informadorweb.com\/?p=20077"},"modified":"2026-03-05T18:07:38","modified_gmt":"2026-03-05T18:07:38","slug":"fuerzas-de-eeuu-tendran-pronto-completo-y-total-dominio-de-espacio-aereo-irani-dice-casa-blanca","status":"publish","type":"post","link":"https:\/\/informadorweb.com\/?p=20077","title":{"rendered":"Fuerzas de EEUU tendr\u00e1n pronto \u00abcompleto y total dominio\u00bb de espacio a\u00e9reo iran\u00ed, dice Casa Blanca"},"content":{"rendered":"<div class=\"el-scrollbar__wrap\">\n<div class=\"el-scrollbar__view\">\n<div class=\"news-content\" data-v-e79c3ee4=\"\">WASHINGTON, 4 mar (Xinhua) &#8212; La secretaria de Prensa de la Casa Blanca, Karoline Leavitt, dijo hoy mi\u00e9rcoles que las fuerzas estadounidenses tendr\u00e1n \u00abcompleto y total dominio\u00bb del espacio a\u00e9reo iran\u00ed en las pr\u00f3ximas horas. \u00abEsperamos tener completo y total dominio del espacio a\u00e9reo iran\u00ed en las pr\u00f3ximas horas\u00bb, dijo Leavitt en la conferencia de prensa diaria en la Casa Blanca. Leavitt a\u00f1adi\u00f3 que en este momento no se prev\u00e9 el despliegue de tropas terrestres estadounidenses en Ir\u00e1n, aunque el presidente de Estados Unidos, Donald Trump, hab\u00eda dicho con anterioridad que est\u00e1 abierto a esta opci\u00f3n en el futuro. Hoy con anterioridad, el secretario de Defensa de Estados Unidos, Pete Hegseth, dijo en una conferencia de prensa en el Pent\u00e1gono que la operaci\u00f3n militar de Estados Unidos e Israel contra Ir\u00e1n todav\u00eda se encuentra en una fase muy temprana. Dan Caine, el jefe del Estado Mayor Conjunto, dijo que las fuerzas estadounidenses empezar\u00e1n a golpear de forma progresiva m\u00e1s al interior del territorio iran\u00ed conforme se ampl\u00eden las operaciones. Ir\u00e1n y el grupo miliciano liban\u00e9s Hizbul\u00e1 realizaron sus primeros ataques coordinados contra Israel en medio de la escalada actual, dijeron hoy las Fuerzas de Defensa de Israel a CNN. El s\u00e1bado por la ma\u00f1ana, los ataques a\u00e9reos de Estados Unidos e Israel contra Ir\u00e1n cobraron la vida del l\u00edder supremo de Ir\u00e1n, el ayatol\u00e1 Ali Khamenei, as\u00ed como de algunos familiares del l\u00edder, comandantes militares de alto nivel y civiles. Ir\u00e1n ha respondido con una serie de ataques con misiles y drones contra Israel y bases estadounidenses en Medio Oriente. Fin<\/div>\n<\/div>\n<\/div>\n<div class=\"el-scrollbar__bar is-horizontal\"><\/div>\n","protected":false},"excerpt":{"rendered":"<p>WASHINGTON, 4 mar (Xinhua) &#8212; La secretaria de Prensa de la Casa Blanca, Karoline Leavitt,&#8230;<\/p>\n","protected":false},"author":1,"featured_media":0,"comment_status":"closed","ping_status":"closed","sticky":false,"template":"","format":"standard","meta":{"footnotes":""},"categories":[2],"tags":[],"class_list":["post-20077","post","type-post","status-publish","format-standard","hentry","category-internacional"],"_links":{"self":[{"href":"https:\/\/informadorweb.com\/index.php?rest_route=\/wp\/v2\/posts\/20077","targetHints":{"allow":["GET"]}}],"collection":[{"href":"https:\/\/informadorweb.com\/index.php?rest_route=\/wp\/v2\/posts"}],"about":[{"href":"https:\/\/informadorweb.com\/index.php?rest_route=\/wp\/v2\/types\/post"}],"author":[{"embeddable":true,"href":"https:\/\/informadorweb.com\/index.php?rest_route=\/wp\/v2\/users\/1"}],"replies":[{"embeddable":true,"href":"https:\/\/informadorweb.com\/index.php?rest_route=%2Fwp%2Fv2%2Fcomments&post=20077"}],"version-history":[{"count":1,"href":"https:\/\/informadorweb.com\/index.php?rest_route=\/wp\/v2\/posts\/20077\/revisions"}],"predecessor-version":[{"id":20078,"href":"https:\/\/informadorweb.com\/index.php?rest_route=\/wp\/v2\/posts\/20077\/revisions\/20078"}],"wp:attachment":[{"href":"https:\/\/informadorweb.com\/index.php?rest_route=%2Fwp%2Fv2%2Fmedia&parent=20077"}],"wp:term":[{"taxonomy":"category","embeddable":true,"href":"https:\/\/informadorweb.com\/index.php?rest_route=%2Fwp%2Fv2%2Fcategories&post=20077"},{"taxonomy":"post_tag","embeddable":true,"href":"https:\/\/informadorweb.com\/index.php?rest_route=%2Fwp%2Fv2%2Ftags&post=20077"}],"curies":[{"name":"wp","href":"https:\/\/api.w.org\/{rel}","templated":true}]}}