{"id":20075,"date":"2026-03-05T12:07:07","date_gmt":"2026-03-05T18:07:07","guid":{"rendered":"https:\/\/informadorweb.com\/?p=20075"},"modified":"2026-03-05T18:07:08","modified_gmt":"2026-03-05T18:07:08","slug":"ecuador-confirma-inicio-de-operaciones-militares-conjuntas-con-eeuu-contra-organizaciones-terroristas","status":"publish","type":"post","link":"https:\/\/informadorweb.com\/?p=20075","title":{"rendered":"Ecuador confirma inicio de operaciones militares conjuntas con EEUU contra organizaciones terroristas"},"content":{"rendered":"<div class=\"el-scrollbar__wrap\">\n<div class=\"el-scrollbar__view\">\n<div class=\"news-content\" data-v-e79c3ee4=\"\">QUITO, 4 mar (Xinhua) &#8212; El jefe del Comando Conjunto de las Fuerzas Armadas de Ecuador, Henry Delgado, confirm\u00f3 hoy mi\u00e9rcoles el inicio de operaciones militares conjuntas con Estados Unidos en contra de \u00aborganizaciones terroristas\u00bb en el pa\u00eds sudamericano. \u00abAnteayer tuvimos la reuni\u00f3n con el comandante del Comando Sur (de Estados Unidos) y ya iniciamos el d\u00eda de ayer (martes) unas operaciones\u00bb, dijo Delgado durante el \u00abPrimer Foro Internacional de Seguridad y Justicia Antimafia Italiana\u00bb, que se lleva a cabo en la ciudad de Quito. \u00abY no vamos a amedrentarnos, no vamos a intimidarnos ni nadie nos va a intimidar, porque estamos seguros que lo que estamos haciendo es justamente en beneficio de nuestro amado Ecuador\u00bb, se\u00f1al\u00f3 el jefe militar, sin proporcionar detalles de las operaciones militares. Por su parte, el Ministerio de Defensa inform\u00f3 a la prensa que \u00ablos detalles de las operaciones de &#8216;ofensiva total&#8217; son reservados, con la finalidad de no entorpecer futuras acciones\u00bb. Agreg\u00f3 que \u00abpor temas netamente de seguridad nacional, las acciones y detalles de la operaci\u00f3n ofensiva son reservados\u00bb, y destac\u00f3 que Ecuador ha entrado \u00aba una de las fases m\u00e1s decisivas y contundentes contra el crimen en nuestro pa\u00eds\u00bb. El martes, el Comando Sur de Estados Unidos anunci\u00f3 en un mensaje difundido en redes sociales que fuerzas militares ecuatorianas y estadounidenses lanzaron operaciones contra Organizaciones Terroristas Designadas en Ecuador. \u00abEstas operaciones son un claro ejemplo del compromiso de nuestros socios en Am\u00e9rica Latina y el Caribe para combatir el flagelo del narcoterrorismo\u00bb, public\u00f3 en su cuenta de la red social X. El Comando Sur agreg\u00f3 que \u00abjuntos, estamos tomando medidas decisivas para enfrentar a los narcoterroristas que desde hace tiempo han infligido terror, violencia y corrupci\u00f3n a ciudadanos de todo el hemisferio\u00bb. Estas operaciones se produjeron un d\u00eda despu\u00e9s del encuentro que mantuvo el presidente de Ecuador, Daniel Noboa, y el comandante del Comando Sur de Estados Unidos, el general Francis L. Donovan, en el Palacio de Gobierno en Quito. Seg\u00fan inform\u00f3 la Presidencia ecuatoriana, en la reuni\u00f3n se revisaron l\u00edneas de coordinaci\u00f3n t\u00e9cnica e institucional orientadas a \u00abreforzar la seguridad hemisf\u00e9rica y a enfrentar al crimen organizado transnacional y al narcoterrorismo\u00bb. Ecuador enfrenta desde 2024 un \u00abconflicto armado interno\u00bb declarado por el Gobierno contra bandas criminales vinculadas al narcotr\u00e1fico, a las que se atribuye la escalada de violencia e inseguridad que afecta al pa\u00eds. Fin<\/div>\n<\/div>\n<\/div>\n<div class=\"el-scrollbar__bar is-horizontal\"><\/div>\n","protected":false},"excerpt":{"rendered":"<p>QUITO, 4 mar (Xinhua) &#8212; El jefe del Comando Conjunto de las Fuerzas Armadas de&#8230;<\/p>\n","protected":false},"author":1,"featured_media":0,"comment_status":"closed","ping_status":"closed","sticky":false,"template":"","format":"standard","meta":{"footnotes":""},"categories":[2],"tags":[],"class_list":["post-20075","post","type-post","status-publish","format-standard","hentry","category-internacional"],"_links":{"self":[{"href":"https:\/\/informadorweb.com\/index.php?rest_route=\/wp\/v2\/posts\/20075","targetHints":{"allow":["GET"]}}],"collection":[{"href":"https:\/\/informadorweb.com\/index.php?rest_route=\/wp\/v2\/posts"}],"about":[{"href":"https:\/\/informadorweb.com\/index.php?rest_route=\/wp\/v2\/types\/post"}],"author":[{"embeddable":true,"href":"https:\/\/informadorweb.com\/index.php?rest_route=\/wp\/v2\/users\/1"}],"replies":[{"embeddable":true,"href":"https:\/\/informadorweb.com\/index.php?rest_route=%2Fwp%2Fv2%2Fcomments&post=20075"}],"version-history":[{"count":1,"href":"https:\/\/informadorweb.com\/index.php?rest_route=\/wp\/v2\/posts\/20075\/revisions"}],"predecessor-version":[{"id":20076,"href":"https:\/\/informadorweb.com\/index.php?rest_route=\/wp\/v2\/posts\/20075\/revisions\/20076"}],"wp:attachment":[{"href":"https:\/\/informadorweb.com\/index.php?rest_route=%2Fwp%2Fv2%2Fmedia&parent=20075"}],"wp:term":[{"taxonomy":"category","embeddable":true,"href":"https:\/\/informadorweb.com\/index.php?rest_route=%2Fwp%2Fv2%2Fcategories&post=20075"},{"taxonomy":"post_tag","embeddable":true,"href":"https:\/\/informadorweb.com\/index.php?rest_route=%2Fwp%2Fv2%2Ftags&post=20075"}],"curies":[{"name":"wp","href":"https:\/\/api.w.org\/{rel}","templated":true}]}}