{"id":20067,"date":"2026-03-05T12:02:04","date_gmt":"2026-03-05T18:02:04","guid":{"rendered":"https:\/\/informadorweb.com\/?p=20067"},"modified":"2026-03-05T18:02:05","modified_gmt":"2026-03-05T18:02:05","slug":"cuba-activa-protocolos-para-restablecer-suministro-electrico-en-varias-provincias","status":"publish","type":"post","link":"https:\/\/informadorweb.com\/?p=20067","title":{"rendered":"Cuba activa protocolos para restablecer suministro el\u00e9ctrico en varias provincias"},"content":{"rendered":"<p>LA HABANA, 4 mar (Xinhua) &#8212; La Uni\u00f3n El\u00e9ctrica de Cuba inform\u00f3 hoy mi\u00e9rcoles que se activaron los protocolos para el restablecimiento del Sistema Electroenerg\u00e9tico Nacional (SEN) en el menor tiempo posible, luego de la desconexi\u00f3n que gener\u00f3 un apag\u00f3n desde la central provincia de Camag\u00fcey hasta Pinar del R\u00edo, en el extremo occidental de la isla. El primer ministro, Manuel Marrero y el titular de Energ\u00eda y Minas, Vicente De La O, trabajan de conjunto para precisar las pr\u00f3ximas medidas a desplegar para el restablecimiento del servicio, que dej\u00f3 sin electricidad a dos terceras partes del pa\u00eds. De acuerdo con la Direcci\u00f3n General del Ministerio de Energ\u00eda y Minas, la interrupci\u00f3n ocurri\u00f3 poco despu\u00e9s del mediod\u00eda tras quedar fuera de servicio la central termoel\u00e9ctrica \u00abAntonio Guiteras\u00bb, una de las principales del pa\u00eds, lo cual provoc\u00f3 la ca\u00edda parcial del SEN. Versiones difundidas por la prensa local mencionaron que la central termoel\u00e9ctrica present\u00f3 una aver\u00eda en la parte baja de una caldera que oblig\u00f3 a detener su funcionamiento. El corte el\u00e9ctrico de hoy se suma a los cinco apagones nacionales totales que se han registrado en la isla en los pasados 12 meses, el \u00faltimo en septiembre pasado. La generaci\u00f3n el\u00e9ctrica de Cuba se basa en centrales termoel\u00e9ctricas en su mayor\u00eda obsoletas, tras al menos 40 a\u00f1os de explotaci\u00f3n y un d\u00e9ficit cr\u00f3nico de inversiones y mantenimiento. La actual crisis energ\u00e9tica del pa\u00eds se agrav\u00f3 en las \u00faltima semanas con la decisi\u00f3n de la administraci\u00f3n de Donald Trump de aplicar medidas contra las naciones que vendan combustible a la isla, cuya producci\u00f3n es insuficiente para cubrir la demanda. Fin<\/p>\n","protected":false},"excerpt":{"rendered":"<p>LA HABANA, 4 mar (Xinhua) &#8212; La Uni\u00f3n El\u00e9ctrica de Cuba inform\u00f3 hoy mi\u00e9rcoles que&#8230;<\/p>\n","protected":false},"author":1,"featured_media":0,"comment_status":"closed","ping_status":"closed","sticky":false,"template":"","format":"standard","meta":{"footnotes":""},"categories":[2],"tags":[],"class_list":["post-20067","post","type-post","status-publish","format-standard","hentry","category-internacional"],"_links":{"self":[{"href":"https:\/\/informadorweb.com\/index.php?rest_route=\/wp\/v2\/posts\/20067","targetHints":{"allow":["GET"]}}],"collection":[{"href":"https:\/\/informadorweb.com\/index.php?rest_route=\/wp\/v2\/posts"}],"about":[{"href":"https:\/\/informadorweb.com\/index.php?rest_route=\/wp\/v2\/types\/post"}],"author":[{"embeddable":true,"href":"https:\/\/informadorweb.com\/index.php?rest_route=\/wp\/v2\/users\/1"}],"replies":[{"embeddable":true,"href":"https:\/\/informadorweb.com\/index.php?rest_route=%2Fwp%2Fv2%2Fcomments&post=20067"}],"version-history":[{"count":1,"href":"https:\/\/informadorweb.com\/index.php?rest_route=\/wp\/v2\/posts\/20067\/revisions"}],"predecessor-version":[{"id":20068,"href":"https:\/\/informadorweb.com\/index.php?rest_route=\/wp\/v2\/posts\/20067\/revisions\/20068"}],"wp:attachment":[{"href":"https:\/\/informadorweb.com\/index.php?rest_route=%2Fwp%2Fv2%2Fmedia&parent=20067"}],"wp:term":[{"taxonomy":"category","embeddable":true,"href":"https:\/\/informadorweb.com\/index.php?rest_route=%2Fwp%2Fv2%2Fcategories&post=20067"},{"taxonomy":"post_tag","embeddable":true,"href":"https:\/\/informadorweb.com\/index.php?rest_route=%2Fwp%2Fv2%2Ftags&post=20067"}],"curies":[{"name":"wp","href":"https:\/\/api.w.org\/{rel}","templated":true}]}}