{"id":20061,"date":"2026-03-05T11:59:34","date_gmt":"2026-03-05T17:59:34","guid":{"rendered":"https:\/\/informadorweb.com\/?p=20061"},"modified":"2026-03-05T17:59:35","modified_gmt":"2026-03-05T17:59:35","slug":"ampliacion-espana-niega-haber-aceptado-cooperar-militarmente-con-eeuu-segun-informes","status":"publish","type":"post","link":"https:\/\/informadorweb.com\/?p=20061","title":{"rendered":"Ampliaci\u00f3n: Espa\u00f1a niega haber aceptado cooperar militarmente con EEUU, seg\u00fan informes"},"content":{"rendered":"<p>MADRID, 4 mar (Xinhua) &#8212; El ministro de Asuntos Exteriores, Uni\u00f3n Europea y Cooperaci\u00f3n de Espa\u00f1a, Jos\u00e9 Manuel Albares, neg\u00f3 hoy mi\u00e9rcoles las afirmaciones de la Casa Blanca en el sentido de que Espa\u00f1a hab\u00eda aceptado \u00abcooperar\u00bb con el ej\u00e9rcito estadounidense, y dijo que tal declaraci\u00f3n es \u00abcateg\u00f3ricamente falsa\u00bb, inform\u00f3 el diario espa\u00f1ol El Confidencial. \u00abElla ser\u00e1 la portavoz de la Casa Blanca, pero yo soy el ministro de Exteriores de Espa\u00f1a\u00bb, dijo Albares cuando se le pregunt\u00f3 sobre los comentarios hechos con anterioridad por la secretaria de Prensa de la Casa Blanca, Karoline Leavitt. \u00abLo desmiento tajantemente\u00bb. La oficina del presidente del Gobierno espa\u00f1ol, el Palacio de la Moncloa, tambi\u00e9n rechaz\u00f3 la afirmaci\u00f3n de que Espa\u00f1a hab\u00eda aceptado \u00abcooperar militarmente\u00bb y calific\u00f3 de \u00abfalsa\u00bb la declaraci\u00f3n de la Casa Blanca, a\u00f1adi\u00f3 el informe. El 3 de marzo, el presidente de Estados Unidos, Donald Trump, durante una reuni\u00f3n con el canciller alem\u00e1n Friedrich Merz, de visita en la Casa Blanca, critic\u00f3 a Espa\u00f1a por negarse a elevar su gasto en defensa al objetivo de la Organizaci\u00f3n del Tratado del Atl\u00e1ntico Norte (OTAN) del 5 por ciento del producto interno bruto (PIB) y por rehusarse a permitir que Estados Unidos utilice bases espa\u00f1olas en sus ataques militares contra Ir\u00e1n. Trump describi\u00f3 la postura de Espa\u00f1a como \u00abhostil\u00bb y amenaz\u00f3 con interrumpir todos los lazos comerciales con el pa\u00eds. El presidente del Gobierno espa\u00f1ol, Pedro S\u00e1nchez, reiter\u00f3 hoy la oposici\u00f3n de Espa\u00f1a a las acciones militares emprendidas por Estados Unidos e Israel contra Ir\u00e1n, pidi\u00f3 el fin de la escalada y dijo que Espa\u00f1a no modificar\u00e1 su posici\u00f3n de oposici\u00f3n a la guerra por temor a represalias. Fin<\/p>\n","protected":false},"excerpt":{"rendered":"<p>MADRID, 4 mar (Xinhua) &#8212; El ministro de Asuntos Exteriores, Uni\u00f3n Europea y Cooperaci\u00f3n de&#8230;<\/p>\n","protected":false},"author":1,"featured_media":0,"comment_status":"closed","ping_status":"closed","sticky":false,"template":"","format":"standard","meta":{"footnotes":""},"categories":[2],"tags":[],"class_list":["post-20061","post","type-post","status-publish","format-standard","hentry","category-internacional"],"_links":{"self":[{"href":"https:\/\/informadorweb.com\/index.php?rest_route=\/wp\/v2\/posts\/20061","targetHints":{"allow":["GET"]}}],"collection":[{"href":"https:\/\/informadorweb.com\/index.php?rest_route=\/wp\/v2\/posts"}],"about":[{"href":"https:\/\/informadorweb.com\/index.php?rest_route=\/wp\/v2\/types\/post"}],"author":[{"embeddable":true,"href":"https:\/\/informadorweb.com\/index.php?rest_route=\/wp\/v2\/users\/1"}],"replies":[{"embeddable":true,"href":"https:\/\/informadorweb.com\/index.php?rest_route=%2Fwp%2Fv2%2Fcomments&post=20061"}],"version-history":[{"count":1,"href":"https:\/\/informadorweb.com\/index.php?rest_route=\/wp\/v2\/posts\/20061\/revisions"}],"predecessor-version":[{"id":20062,"href":"https:\/\/informadorweb.com\/index.php?rest_route=\/wp\/v2\/posts\/20061\/revisions\/20062"}],"wp:attachment":[{"href":"https:\/\/informadorweb.com\/index.php?rest_route=%2Fwp%2Fv2%2Fmedia&parent=20061"}],"wp:term":[{"taxonomy":"category","embeddable":true,"href":"https:\/\/informadorweb.com\/index.php?rest_route=%2Fwp%2Fv2%2Fcategories&post=20061"},{"taxonomy":"post_tag","embeddable":true,"href":"https:\/\/informadorweb.com\/index.php?rest_route=%2Fwp%2Fv2%2Ftags&post=20061"}],"curies":[{"name":"wp","href":"https:\/\/api.w.org\/{rel}","templated":true}]}}