{"id":20059,"date":"2026-03-05T11:58:52","date_gmt":"2026-03-05T17:58:52","guid":{"rendered":"https:\/\/informadorweb.com\/?p=20059"},"modified":"2026-03-05T17:58:53","modified_gmt":"2026-03-05T17:58:53","slug":"presidente-cubano-pide-fin-del-quebrantamiento-al-derecho-internacional-por-escalada-militar-en-medio-oriente","status":"publish","type":"post","link":"https:\/\/informadorweb.com\/?p=20059","title":{"rendered":"Presidente cubano pide fin del quebrantamiento al Derecho Internacional por escalada militar en Medio Oriente"},"content":{"rendered":"<p>LA HABANA, 4 mar (Xinhua) &#8212; El presidente de Cuba, Miguel D\u00edaz-Canel, pidi\u00f3 hoy a poner fin \u00abal quebrantamiento del Derecho Internacional\u00bb, ante la escalada militar en Medio Oriente, resultado de la agresi\u00f3n de Estados Unidos e Israel contra Ir\u00e1n y L\u00edbano. \u00abCuba se suma a los llamados internacionales para poner fin de inmediato al quebrantamiento del Derecho Internacional como resultado de la agresi\u00f3n de EE.UU. e Israel contra Ir\u00e1n y el L\u00edbano, con operaciones de asesinatos pol\u00edticos y ataques indiscriminados\u00bb, dijo el mandatario cubano en un mensaje en la red social X. D\u00edaz-Canel afirm\u00f3 que la isla aboga \u00abpor el respeto a la soberan\u00eda nacional e integridad territorial de todas las naciones de la regi\u00f3n y el cese de los actos que ocasionan da\u00f1os humanos y a la infraestructura civil de los Estados \u00e1rabes del Golfo, a los que nos unen lazos de amistad y cooperaci\u00f3n\u00bb. \u00abCuba ratifica el llamado a preservar el principio de buena vecindad, la moderaci\u00f3n y el di\u00e1logo en este delicado momento\u00bb, subray\u00f3 el presidente cubano. Fin<\/p>\n","protected":false},"excerpt":{"rendered":"<p>LA HABANA, 4 mar (Xinhua) &#8212; El presidente de Cuba, Miguel D\u00edaz-Canel, pidi\u00f3 hoy a&#8230;<\/p>\n","protected":false},"author":1,"featured_media":0,"comment_status":"closed","ping_status":"closed","sticky":false,"template":"","format":"standard","meta":{"footnotes":""},"categories":[2],"tags":[],"class_list":["post-20059","post","type-post","status-publish","format-standard","hentry","category-internacional"],"_links":{"self":[{"href":"https:\/\/informadorweb.com\/index.php?rest_route=\/wp\/v2\/posts\/20059","targetHints":{"allow":["GET"]}}],"collection":[{"href":"https:\/\/informadorweb.com\/index.php?rest_route=\/wp\/v2\/posts"}],"about":[{"href":"https:\/\/informadorweb.com\/index.php?rest_route=\/wp\/v2\/types\/post"}],"author":[{"embeddable":true,"href":"https:\/\/informadorweb.com\/index.php?rest_route=\/wp\/v2\/users\/1"}],"replies":[{"embeddable":true,"href":"https:\/\/informadorweb.com\/index.php?rest_route=%2Fwp%2Fv2%2Fcomments&post=20059"}],"version-history":[{"count":1,"href":"https:\/\/informadorweb.com\/index.php?rest_route=\/wp\/v2\/posts\/20059\/revisions"}],"predecessor-version":[{"id":20060,"href":"https:\/\/informadorweb.com\/index.php?rest_route=\/wp\/v2\/posts\/20059\/revisions\/20060"}],"wp:attachment":[{"href":"https:\/\/informadorweb.com\/index.php?rest_route=%2Fwp%2Fv2%2Fmedia&parent=20059"}],"wp:term":[{"taxonomy":"category","embeddable":true,"href":"https:\/\/informadorweb.com\/index.php?rest_route=%2Fwp%2Fv2%2Fcategories&post=20059"},{"taxonomy":"post_tag","embeddable":true,"href":"https:\/\/informadorweb.com\/index.php?rest_route=%2Fwp%2Fv2%2Ftags&post=20059"}],"curies":[{"name":"wp","href":"https:\/\/api.w.org\/{rel}","templated":true}]}}