{"id":20057,"date":"2026-03-05T11:58:33","date_gmt":"2026-03-05T17:58:33","guid":{"rendered":"https:\/\/informadorweb.com\/?p=20057"},"modified":"2026-03-05T17:58:34","modified_gmt":"2026-03-05T17:58:34","slug":"todas-las-embajadas-israelies-se-volveran-objetivos-legitimos-si-embajada-irani-en-libano-es-atacada-dice-alto-funcionario","status":"publish","type":"post","link":"https:\/\/informadorweb.com\/?p=20057","title":{"rendered":"Todas las embajadas israel\u00edes se volver\u00e1n objetivos leg\u00edtimos si embajada iran\u00ed en L\u00edbano es atacada, dice alto funcionario"},"content":{"rendered":"<p>TEHER\u00c1N, 4 mar (Xinhua) &#8212; Un importante funcionario iran\u00ed advirti\u00f3 hoy mi\u00e9rcoles que si Israel ataca la embajada de Ir\u00e1n en L\u00edbano, todas sus embajadas se volver\u00e1n objetivos leg\u00edtimos, inform\u00f3 la agencia de noticias semioficial Tasnim. Abolfazl Shekarchi, vocero de las fuerzas armadas de Ir\u00e1n, hizo los comentarios en reacci\u00f3n a la reciente amenaza lanzada por Israel contra la embajada de Ir\u00e1n en L\u00edbano. Shekarchi enfatiz\u00f3 que \u00absi Israel comete tal crimen y ataca la embajada de Ir\u00e1n en L\u00edbano, nos obligar\u00e1 a considerar todas las embajadas israel\u00edes alrededor del mundo como objetivos leg\u00edtimos, y sin duda tomaremos contramedidas\u00bb. Shekarchi dijo que, con excepci\u00f3n de Estados Unidos e Israel, Ir\u00e1n no guarda hostilidad hacia otros pa\u00edses y promueve sus relaciones exteriores con base en compromisos. Las declaraciones se producen mientras la operaci\u00f3n militar de Estados Unidos e Israel contra Ir\u00e1n entra en su quinto d\u00eda. La operaci\u00f3n desencaden\u00f3 una dr\u00e1stica escalada en todo Medio Oriente, y puso en marcha oleadas de ataques con misiles, un creciente n\u00famero de v\u00edctimas y repercusiones pol\u00edticas, econ\u00f3micas y de seguridad de amplio alcance. Fin<\/p>\n","protected":false},"excerpt":{"rendered":"<p>TEHER\u00c1N, 4 mar (Xinhua) &#8212; Un importante funcionario iran\u00ed advirti\u00f3 hoy mi\u00e9rcoles que si Israel&#8230;<\/p>\n","protected":false},"author":1,"featured_media":0,"comment_status":"closed","ping_status":"closed","sticky":false,"template":"","format":"standard","meta":{"footnotes":""},"categories":[2],"tags":[],"class_list":["post-20057","post","type-post","status-publish","format-standard","hentry","category-internacional"],"_links":{"self":[{"href":"https:\/\/informadorweb.com\/index.php?rest_route=\/wp\/v2\/posts\/20057","targetHints":{"allow":["GET"]}}],"collection":[{"href":"https:\/\/informadorweb.com\/index.php?rest_route=\/wp\/v2\/posts"}],"about":[{"href":"https:\/\/informadorweb.com\/index.php?rest_route=\/wp\/v2\/types\/post"}],"author":[{"embeddable":true,"href":"https:\/\/informadorweb.com\/index.php?rest_route=\/wp\/v2\/users\/1"}],"replies":[{"embeddable":true,"href":"https:\/\/informadorweb.com\/index.php?rest_route=%2Fwp%2Fv2%2Fcomments&post=20057"}],"version-history":[{"count":1,"href":"https:\/\/informadorweb.com\/index.php?rest_route=\/wp\/v2\/posts\/20057\/revisions"}],"predecessor-version":[{"id":20058,"href":"https:\/\/informadorweb.com\/index.php?rest_route=\/wp\/v2\/posts\/20057\/revisions\/20058"}],"wp:attachment":[{"href":"https:\/\/informadorweb.com\/index.php?rest_route=%2Fwp%2Fv2%2Fmedia&parent=20057"}],"wp:term":[{"taxonomy":"category","embeddable":true,"href":"https:\/\/informadorweb.com\/index.php?rest_route=%2Fwp%2Fv2%2Fcategories&post=20057"},{"taxonomy":"post_tag","embeddable":true,"href":"https:\/\/informadorweb.com\/index.php?rest_route=%2Fwp%2Fv2%2Ftags&post=20057"}],"curies":[{"name":"wp","href":"https:\/\/api.w.org\/{rel}","templated":true}]}}