{"id":20053,"date":"2026-03-05T11:57:53","date_gmt":"2026-03-05T17:57:53","guid":{"rendered":"https:\/\/informadorweb.com\/?p=20053"},"modified":"2026-03-05T17:57:54","modified_gmt":"2026-03-05T17:57:54","slug":"mexico-evacua-a-279-connacionales-de-medio-oriente-por-conflicto-regional","status":"publish","type":"post","link":"https:\/\/informadorweb.com\/?p=20053","title":{"rendered":"M\u00e9xico evacua a 279 connacionales de Medio Oriente por conflicto regional"},"content":{"rendered":"<p>M\u00c9XICO, 4 mar (Xinhua) &#8212; La presidenta de M\u00e9xico, Claudia Sheinbaum, inform\u00f3 este mi\u00e9rcoles que 279 connacionales han sido evacuados por v\u00eda terrestre desde distintos pa\u00edses de Medio Oriente, como consecuencia del conflicto b\u00e9lico que involucra a Ir\u00e1n, Estados Unidos e Israel. \u00ab279 personas mexicanas han sido evacuadas de Israel, Jordania, Emiratos \u00c1rabes Unidos, L\u00edbano y Qatar. Han salido (por) v\u00eda terrestre en su mayor\u00eda a Egipto, Jordania y Turqu\u00eda, pa\u00edses que cuentan con espacio a\u00e9reo abierto\u00bb, detall\u00f3 la mandataria durante su habitual conferencia de prensa desde Palacio Nacional. Por su parte, la canciller\u00eda de M\u00e9xico confirm\u00f3 en redes sociales la salida de los mexicanos evacuados desde las zonas de riesgo. La dependencia reiter\u00f3 que todas las embajadas mexicanas en Medio Oriente \u00abpermanecen atentas y en contacto continuo con las y los connacionales que residen o transitan en la regi\u00f3n, a fin de proporcionarles la asistencia consular que requieran\u00bb. Adem\u00e1s, pidi\u00f3 a todos los mexicanos que se encuentren en alg\u00fan pa\u00eds del Medio Oriente mantenerse resguardados en lugares seguros, evitar desplazamientos y estar atentas a las instrucciones de las autoridades locales. Fin<\/p>\n","protected":false},"excerpt":{"rendered":"<p>M\u00c9XICO, 4 mar (Xinhua) &#8212; La presidenta de M\u00e9xico, Claudia Sheinbaum, inform\u00f3 este mi\u00e9rcoles que&#8230;<\/p>\n","protected":false},"author":1,"featured_media":0,"comment_status":"closed","ping_status":"closed","sticky":false,"template":"","format":"standard","meta":{"footnotes":""},"categories":[2],"tags":[],"class_list":["post-20053","post","type-post","status-publish","format-standard","hentry","category-internacional"],"_links":{"self":[{"href":"https:\/\/informadorweb.com\/index.php?rest_route=\/wp\/v2\/posts\/20053","targetHints":{"allow":["GET"]}}],"collection":[{"href":"https:\/\/informadorweb.com\/index.php?rest_route=\/wp\/v2\/posts"}],"about":[{"href":"https:\/\/informadorweb.com\/index.php?rest_route=\/wp\/v2\/types\/post"}],"author":[{"embeddable":true,"href":"https:\/\/informadorweb.com\/index.php?rest_route=\/wp\/v2\/users\/1"}],"replies":[{"embeddable":true,"href":"https:\/\/informadorweb.com\/index.php?rest_route=%2Fwp%2Fv2%2Fcomments&post=20053"}],"version-history":[{"count":1,"href":"https:\/\/informadorweb.com\/index.php?rest_route=\/wp\/v2\/posts\/20053\/revisions"}],"predecessor-version":[{"id":20054,"href":"https:\/\/informadorweb.com\/index.php?rest_route=\/wp\/v2\/posts\/20053\/revisions\/20054"}],"wp:attachment":[{"href":"https:\/\/informadorweb.com\/index.php?rest_route=%2Fwp%2Fv2%2Fmedia&parent=20053"}],"wp:term":[{"taxonomy":"category","embeddable":true,"href":"https:\/\/informadorweb.com\/index.php?rest_route=%2Fwp%2Fv2%2Fcategories&post=20053"},{"taxonomy":"post_tag","embeddable":true,"href":"https:\/\/informadorweb.com\/index.php?rest_route=%2Fwp%2Fv2%2Ftags&post=20053"}],"curies":[{"name":"wp","href":"https:\/\/api.w.org\/{rel}","templated":true}]}}