{"id":20049,"date":"2026-03-05T11:56:42","date_gmt":"2026-03-05T17:56:42","guid":{"rendered":"https:\/\/informadorweb.com\/?p=20049"},"modified":"2026-03-05T17:56:43","modified_gmt":"2026-03-05T17:56:43","slug":"primer-ministro-polaco-ordena-apoyar-evacuacion-en-medio-oriente-con-aviones-militares","status":"publish","type":"post","link":"https:\/\/informadorweb.com\/?p=20049","title":{"rendered":"Primer ministro polaco ordena apoyar evacuaci\u00f3n en Medio Oriente con aviones militares"},"content":{"rendered":"<p>VARSOVIA, 4 mar (Xinhua) &#8212; El primer ministro de Polonia, Donald Tusk, anunci\u00f3 esta tarde que decidi\u00f3 desplegar aeronaves militares para apoyar la evacuaci\u00f3n de los ciudadanos polacos de Medio Oriente. Hoy con anterioridad, el viceprimer ministro y ministro de Defensa de Polonia, Wladyslaw Kosiniak-Kamysz, dijo que el ej\u00e9rcito polaco est\u00e1 listo para evacuar a los ciudadanos polacos en Medio Oriente que requieran asistencia m\u00e9dica, mientras que los dem\u00e1s polacos deber\u00e1n regresar con transportes civiles. De conformidad con las leyes polacas, el presidente autoriza el despliegue de las fuerzas armadas en el extranjero por solicitud del Gobierno. El presidente de Polonia, Karol Nawrocki, dijo hoy que apoyar\u00e1 la solicitud del primer ministro de Tusk para utilizar aviones de las fuerzas armadas polacas para ayudar a evacuar a los ciudadanos polacos. De acuerdo con la Agencia de Prensa Polaca, el ministro de Deportes y Turismo de Polonia, Jakub Rutnicki, dijo que desde el martes, 574 ciudadanos polacos han regresado a Polonia procedentes de Medio Oriente. La operaci\u00f3n militar conjunta de Estados Unidos e Israel contra Ir\u00e1n ha entrado en su quinto d\u00eda. La operaci\u00f3n desencaden\u00f3 una dr\u00e1stica escalada en todo Medio Oriente y puso en marcha oleadas de ataques con misiles, un creciente n\u00famero de v\u00edctimas y repercusiones pol\u00edticas, econ\u00f3micas y de seguridad de amplio alcance. Fin<\/p>\n","protected":false},"excerpt":{"rendered":"<p>VARSOVIA, 4 mar (Xinhua) &#8212; El primer ministro de Polonia, Donald Tusk, anunci\u00f3 esta tarde&#8230;<\/p>\n","protected":false},"author":1,"featured_media":0,"comment_status":"closed","ping_status":"closed","sticky":false,"template":"","format":"standard","meta":{"footnotes":""},"categories":[2],"tags":[],"class_list":["post-20049","post","type-post","status-publish","format-standard","hentry","category-internacional"],"_links":{"self":[{"href":"https:\/\/informadorweb.com\/index.php?rest_route=\/wp\/v2\/posts\/20049","targetHints":{"allow":["GET"]}}],"collection":[{"href":"https:\/\/informadorweb.com\/index.php?rest_route=\/wp\/v2\/posts"}],"about":[{"href":"https:\/\/informadorweb.com\/index.php?rest_route=\/wp\/v2\/types\/post"}],"author":[{"embeddable":true,"href":"https:\/\/informadorweb.com\/index.php?rest_route=\/wp\/v2\/users\/1"}],"replies":[{"embeddable":true,"href":"https:\/\/informadorweb.com\/index.php?rest_route=%2Fwp%2Fv2%2Fcomments&post=20049"}],"version-history":[{"count":1,"href":"https:\/\/informadorweb.com\/index.php?rest_route=\/wp\/v2\/posts\/20049\/revisions"}],"predecessor-version":[{"id":20050,"href":"https:\/\/informadorweb.com\/index.php?rest_route=\/wp\/v2\/posts\/20049\/revisions\/20050"}],"wp:attachment":[{"href":"https:\/\/informadorweb.com\/index.php?rest_route=%2Fwp%2Fv2%2Fmedia&parent=20049"}],"wp:term":[{"taxonomy":"category","embeddable":true,"href":"https:\/\/informadorweb.com\/index.php?rest_route=%2Fwp%2Fv2%2Fcategories&post=20049"},{"taxonomy":"post_tag","embeddable":true,"href":"https:\/\/informadorweb.com\/index.php?rest_route=%2Fwp%2Fv2%2Ftags&post=20049"}],"curies":[{"name":"wp","href":"https:\/\/api.w.org\/{rel}","templated":true}]}}