{"id":20035,"date":"2026-03-05T11:48:58","date_gmt":"2026-03-05T17:48:58","guid":{"rendered":"https:\/\/informadorweb.com\/?p=20035"},"modified":"2026-03-05T17:48:59","modified_gmt":"2026-03-05T17:48:59","slug":"primer-ministro-de-qatar-y-canciller-irani-discuten-por-telefono-acontecimientos-regionales-recientes","status":"publish","type":"post","link":"https:\/\/informadorweb.com\/?p=20035","title":{"rendered":"Primer ministro de Qatar y canciller iran\u00ed discuten por tel\u00e9fono acontecimientos regionales recientes"},"content":{"rendered":"<p>DOHA, 4 mar (Xinhua) &#8212; El primer ministro y ministro de Relaciones Exteriores de Qatar, el jeque Mohammed bin Abdulrahman bin Jassim Al-Thani, entabl\u00f3 hoy mi\u00e9rcoles una conversaci\u00f3n telef\u00f3nica con el ministro de Relaciones Exteriores de Ir\u00e1n, Seyed Abbas Araghchi, para discutir los acontecimientos regionales recientes, se indic\u00f3 en una declaraci\u00f3n emitida por la canciller\u00eda de Qatar. Al-Thani pidi\u00f3 el inmediato cese de los ataques de Ir\u00e1n contra los pa\u00edses de la regi\u00f3n que se han mantenido al margen del conflicto, y enfatiz\u00f3 la necesidad de dar prioridad a los intereses de sus pueblos, a\u00f1adi\u00f3 la declaraci\u00f3n. Tambi\u00e9n reiter\u00f3 que Qatar ha apoyado de forma consistente el di\u00e1logo y la diplomacia y ha tratado con todas las partes de buena fe, pero responder\u00e1 a cualquier ataque que amenace su soberan\u00eda, seguridad e intereses nacionales, agreg\u00f3 la declaraci\u00f3n. Al-Thani declar\u00f3 que los recientes ataques iran\u00edes con misiles impactaron en zonas civiles y residenciales dentro de Qatar, incluyendo \u00e1reas cerca del Aeropuerto Internacional de Hamad, infraestructura vital y zonas industriales que incluyen instalaciones de producci\u00f3n de gas natural licuado, y describi\u00f3 las medidas como una \u00abclara violaci\u00f3n\u00bb de la soberan\u00eda de Qatar y de los principios del derecho internacional. Al-Thani a\u00f1adi\u00f3 que los ataques no se limitaron a misiles y destac\u00f3 que contin\u00faan las operaciones con drones y que aviones han entrado a espacio a\u00e9reo de Qatar y han sido interceptados por las fuerzas armadas de Qatar, se se\u00f1al\u00f3 en la declaraci\u00f3n. Tambi\u00e9n enfatiz\u00f3 que tales acciones no pueden quedar sin respuesta, y reafirm\u00f3 el derecho de Qatar a la autodefensa, se indic\u00f3 en la declaraci\u00f3n. Por otra parte, Araghchi dijo que los recientes ataques iran\u00edes estuvieron dirigidos contra intereses de Estados Unidos y no ten\u00edan como objetivo a Qatar, a\u00f1adi\u00f3 la declaraci\u00f3n. La conversaci\u00f3n telef\u00f3nica se produce mientras la operaci\u00f3n militar conjunta de Estados Unidos e Israel contra Ir\u00e1n entra en su quinto d\u00eda. La operaci\u00f3n desencaden\u00f3 una dr\u00e1stica escalada en todo Medio Oriente y puso en marcha oleadas de ataques con misiles, un creciente n\u00famero de v\u00edctimas y repercusiones pol\u00edticas, econ\u00f3micas y de seguridad de amplio alcance. Fin<\/p>\n","protected":false},"excerpt":{"rendered":"<p>DOHA, 4 mar (Xinhua) &#8212; El primer ministro y ministro de Relaciones Exteriores de Qatar,&#8230;<\/p>\n","protected":false},"author":1,"featured_media":0,"comment_status":"closed","ping_status":"closed","sticky":false,"template":"","format":"standard","meta":{"footnotes":""},"categories":[2],"tags":[],"class_list":["post-20035","post","type-post","status-publish","format-standard","hentry","category-internacional"],"_links":{"self":[{"href":"https:\/\/informadorweb.com\/index.php?rest_route=\/wp\/v2\/posts\/20035","targetHints":{"allow":["GET"]}}],"collection":[{"href":"https:\/\/informadorweb.com\/index.php?rest_route=\/wp\/v2\/posts"}],"about":[{"href":"https:\/\/informadorweb.com\/index.php?rest_route=\/wp\/v2\/types\/post"}],"author":[{"embeddable":true,"href":"https:\/\/informadorweb.com\/index.php?rest_route=\/wp\/v2\/users\/1"}],"replies":[{"embeddable":true,"href":"https:\/\/informadorweb.com\/index.php?rest_route=%2Fwp%2Fv2%2Fcomments&post=20035"}],"version-history":[{"count":1,"href":"https:\/\/informadorweb.com\/index.php?rest_route=\/wp\/v2\/posts\/20035\/revisions"}],"predecessor-version":[{"id":20036,"href":"https:\/\/informadorweb.com\/index.php?rest_route=\/wp\/v2\/posts\/20035\/revisions\/20036"}],"wp:attachment":[{"href":"https:\/\/informadorweb.com\/index.php?rest_route=%2Fwp%2Fv2%2Fmedia&parent=20035"}],"wp:term":[{"taxonomy":"category","embeddable":true,"href":"https:\/\/informadorweb.com\/index.php?rest_route=%2Fwp%2Fv2%2Fcategories&post=20035"},{"taxonomy":"post_tag","embeddable":true,"href":"https:\/\/informadorweb.com\/index.php?rest_route=%2Fwp%2Fv2%2Ftags&post=20035"}],"curies":[{"name":"wp","href":"https:\/\/api.w.org\/{rel}","templated":true}]}}