{"id":20027,"date":"2026-03-05T11:46:43","date_gmt":"2026-03-05T17:46:43","guid":{"rendered":"https:\/\/informadorweb.com\/?p=20027"},"modified":"2026-03-05T17:46:45","modified_gmt":"2026-03-05T17:46:45","slug":"presidente-milei-designa-a-nuevo-ministro-de-justicia-de-argentina","status":"publish","type":"post","link":"https:\/\/informadorweb.com\/?p=20027","title":{"rendered":"Presidente Milei designa a nuevo ministro de Justicia de Argentina"},"content":{"rendered":"<p>BUENOS AIRES, 4 mar (Xinhua) &#8212; El fiscal general de la ciudad de Buenos Aires, Juan Bautista Mahiques, reemplazar\u00e1 a Mariano C\u00faneo Libarona como ministro de Justicia de Argentina, inform\u00f3 hoy mi\u00e9rcoles el presidente del pa\u00eds sudamericano, Javier Milei. \u00abMuchas gracias Mariano por estos m\u00e1s de dos a\u00f1os de incansable trabajo. El nuevo ministro de Justicia es el doctor Juan Bautista Mahiques, quien continuar\u00e1 trabajando para hacer grande a la Argentina nuevamente\u00bb, expres\u00f3 el mandatario en redes sociales. Mahiques, un abogado de 45 a\u00f1os nacido en la ciudad de Mercedes, provincia de Buenos Aires, agradeci\u00f3 la designaci\u00f3n y la confianza expresada por Milei para ocupar el cargo. \u00abAgradezco al presidente Javier Milei por la confianza para asumir esta responsabilidad. Su liderazgo ha sido claro al marcar el camino: sin justicia no hay futuro posible\u00bb, sostuvo el funcionario a trav\u00e9s de su cuenta en la red social X. \u00abEse rumbo exige instituciones que funcionen con arreglo al Estado de Derecho y un sistema jur\u00eddico con reglas claras y estables, que reconstruya la confianza p\u00fablica, brinde seguridad real y un marco previsible para quien cumple la ley\u00bb, agreg\u00f3. Desde octubre de 2019, el nuevo ministro de Justicia ocupaba el cargo de Fiscal General en el Ministerio P\u00fablico Fiscal de la Ciudad Aut\u00f3noma de Buenos Aires. \u00abArgentina necesita una Justicia independiente de las disputas pol\u00edticas, imparcial en sus decisiones, \u00e1gil en sus tiempos y moderna en sus herramientas; una instituci\u00f3n que proteja a las v\u00edctimas, que no confunda garant\u00edas con impunidad y que reafirme, sin excepciones, que la ley se cumple para todos por igual\u00bb, sostuvo Mahiques. \u00abAsumo esta funci\u00f3n con la convicci\u00f3n de que sin seguridad jur\u00eddica no hay inversi\u00f3n, sin reglas estables no hay desarrollo y sin jueces independientes no hay Rep\u00fablica\u00bb, se\u00f1al\u00f3 el tambi\u00e9n presidente de la Asociaci\u00f3n Internacional de Fiscales. En su mensaje p\u00fablico, Mahiques agradeci\u00f3 a la secretaria general de la Presidencia, Karina Milei, \u00abpor su apoyo permanente y por la dedicaci\u00f3n con la que conduce y fortalece al equipo pol\u00edtico del Gobierno\u00bb. Expres\u00f3, adem\u00e1s, su reconocimiento al trabajo de su antecesor en el cargo, de quien dijo \u00abse ocup\u00f3 de la primera etapa de transformaci\u00f3n que debemos consolidar con responsabilidad y firmeza\u00bb. Fin<\/p>\n","protected":false},"excerpt":{"rendered":"<p>BUENOS AIRES, 4 mar (Xinhua) &#8212; El fiscal general de la ciudad de Buenos Aires,&#8230;<\/p>\n","protected":false},"author":1,"featured_media":0,"comment_status":"closed","ping_status":"closed","sticky":false,"template":"","format":"standard","meta":{"footnotes":""},"categories":[2],"tags":[],"class_list":["post-20027","post","type-post","status-publish","format-standard","hentry","category-internacional"],"_links":{"self":[{"href":"https:\/\/informadorweb.com\/index.php?rest_route=\/wp\/v2\/posts\/20027","targetHints":{"allow":["GET"]}}],"collection":[{"href":"https:\/\/informadorweb.com\/index.php?rest_route=\/wp\/v2\/posts"}],"about":[{"href":"https:\/\/informadorweb.com\/index.php?rest_route=\/wp\/v2\/types\/post"}],"author":[{"embeddable":true,"href":"https:\/\/informadorweb.com\/index.php?rest_route=\/wp\/v2\/users\/1"}],"replies":[{"embeddable":true,"href":"https:\/\/informadorweb.com\/index.php?rest_route=%2Fwp%2Fv2%2Fcomments&post=20027"}],"version-history":[{"count":1,"href":"https:\/\/informadorweb.com\/index.php?rest_route=\/wp\/v2\/posts\/20027\/revisions"}],"predecessor-version":[{"id":20028,"href":"https:\/\/informadorweb.com\/index.php?rest_route=\/wp\/v2\/posts\/20027\/revisions\/20028"}],"wp:attachment":[{"href":"https:\/\/informadorweb.com\/index.php?rest_route=%2Fwp%2Fv2%2Fmedia&parent=20027"}],"wp:term":[{"taxonomy":"category","embeddable":true,"href":"https:\/\/informadorweb.com\/index.php?rest_route=%2Fwp%2Fv2%2Fcategories&post=20027"},{"taxonomy":"post_tag","embeddable":true,"href":"https:\/\/informadorweb.com\/index.php?rest_route=%2Fwp%2Fv2%2Ftags&post=20027"}],"curies":[{"name":"wp","href":"https:\/\/api.w.org\/{rel}","templated":true}]}}