{"id":20015,"date":"2026-03-05T11:43:07","date_gmt":"2026-03-05T17:43:07","guid":{"rendered":"https:\/\/informadorweb.com\/?p=20015"},"modified":"2026-03-05T17:43:08","modified_gmt":"2026-03-05T17:43:08","slug":"maximo-general-de-eeuu-senala-drastica-disminucion-de-lanzamientos-de-misiles-de-iran","status":"publish","type":"post","link":"https:\/\/informadorweb.com\/?p=20015","title":{"rendered":"M\u00e1ximo general de EEUU se\u00f1ala dr\u00e1stica disminuci\u00f3n de lanzamientos de misiles de Ir\u00e1n"},"content":{"rendered":"<p>WASHINGTON, 4 mar (Xinhua) &#8212; Los lanzamientos de misiles de Ir\u00e1n han disminuido dr\u00e1sticamente desde que Estados Unidos e Israel lanzaron ataques a gran escala, dijo hoy mi\u00e9rcoles el jefe del Estado Mayor Conjunto estadounidense, Dan Caine, en una conferencia de prensa en el Pent\u00e1gono. \u00abLos disparos de misiles bal\u00edsticos desde el teatro de operaciones de Ir\u00e1n han disminuido un 86 por ciento desde el primer d\u00eda de combate\u00bb hasta el mi\u00e9rcoles por la ma\u00f1ana, seg\u00fan Caine, y agreg\u00f3 que se registra \u00abuna disminuci\u00f3n del 23 por ciento solo en las \u00faltimas 24 horas\u00bb. \u00abY sus ataques unidireccionales con drones han disminuido en un 73 por ciento\u00bb, indic\u00f3 Caine, y a\u00f1adi\u00f3 que Estados Unidos comenzar\u00e1 a \u00abatacar progresivamente m\u00e1s profundamente en territorio iran\u00ed\u00bb. Hoy se cumple el quinto d\u00eda de la guerra. El secretario de Defensa de Estados Unidos, Pete Hegseth, mencion\u00f3 en la rueda de prensa del Pent\u00e1gono que las operaciones militares estadounidenses contra Ir\u00e1n se encuentran en una fase \u00abmuy temprana\u00bb. Ir\u00e1n y el grupo miliciano liban\u00e9s Hizbul\u00e1 llevaron a cabo sus primeros ataques coordinados contra Israel en medio de la actual guerra entre las fuerzas estadounidense-israel\u00edes e Ir\u00e1n, dijeron hoy las Fuerzas de Defensa de Israel (FDI) a CNN. Un misil fue lanzado desde Ir\u00e1n, mientras que Hizbul\u00e1 dispar\u00f3 seis proyectiles desde L\u00edbano, inform\u00f3 el ej\u00e9rcito israel\u00ed. El Cuerpo de los Guardianes de la Revoluci\u00f3n Isl\u00e1mica de Ir\u00e1n indic\u00f3 el martes que atac\u00f3 el segundo sistema antimisiles THAAD (Sistema de Defensa Terminal de \u00c1rea a Gran Altitud) de Estados Unidos en Asia Occidental, indic\u00f3 la agencia semioficial de noticias Fars. Tambi\u00e9n el martes, el ej\u00e9rcito israel\u00ed report\u00f3 ataques de misiles iran\u00edes en Tel Aviv. Fin<\/p>\n","protected":false},"excerpt":{"rendered":"<p>WASHINGTON, 4 mar (Xinhua) &#8212; Los lanzamientos de misiles de Ir\u00e1n han disminuido dr\u00e1sticamente desde&#8230;<\/p>\n","protected":false},"author":1,"featured_media":0,"comment_status":"closed","ping_status":"closed","sticky":false,"template":"","format":"standard","meta":{"footnotes":""},"categories":[2],"tags":[],"class_list":["post-20015","post","type-post","status-publish","format-standard","hentry","category-internacional"],"_links":{"self":[{"href":"https:\/\/informadorweb.com\/index.php?rest_route=\/wp\/v2\/posts\/20015","targetHints":{"allow":["GET"]}}],"collection":[{"href":"https:\/\/informadorweb.com\/index.php?rest_route=\/wp\/v2\/posts"}],"about":[{"href":"https:\/\/informadorweb.com\/index.php?rest_route=\/wp\/v2\/types\/post"}],"author":[{"embeddable":true,"href":"https:\/\/informadorweb.com\/index.php?rest_route=\/wp\/v2\/users\/1"}],"replies":[{"embeddable":true,"href":"https:\/\/informadorweb.com\/index.php?rest_route=%2Fwp%2Fv2%2Fcomments&post=20015"}],"version-history":[{"count":1,"href":"https:\/\/informadorweb.com\/index.php?rest_route=\/wp\/v2\/posts\/20015\/revisions"}],"predecessor-version":[{"id":20016,"href":"https:\/\/informadorweb.com\/index.php?rest_route=\/wp\/v2\/posts\/20015\/revisions\/20016"}],"wp:attachment":[{"href":"https:\/\/informadorweb.com\/index.php?rest_route=%2Fwp%2Fv2%2Fmedia&parent=20015"}],"wp:term":[{"taxonomy":"category","embeddable":true,"href":"https:\/\/informadorweb.com\/index.php?rest_route=%2Fwp%2Fv2%2Fcategories&post=20015"},{"taxonomy":"post_tag","embeddable":true,"href":"https:\/\/informadorweb.com\/index.php?rest_route=%2Fwp%2Fv2%2Ftags&post=20015"}],"curies":[{"name":"wp","href":"https:\/\/api.w.org\/{rel}","templated":true}]}}